{"id":11979,"date":"2025-07-02T19:48:42","date_gmt":"2025-07-02T23:48:42","guid":{"rendered":"https:\/\/elconquistadorredloslagos.cl\/test\/?p=11979"},"modified":"2025-07-02T19:48:43","modified_gmt":"2025-07-02T23:48:43","slug":"padre-es-hallado-culpable-por-parricidio-de-sus-tres-hijos-menores-y-arriesga-presidio-perpetuo-calificado","status":"publish","type":"post","link":"https:\/\/elconquistadorredloslagos.cl\/test\/blog\/2025\/07\/02\/padre-es-hallado-culpable-por-parricidio-de-sus-tres-hijos-menores-y-arriesga-presidio-perpetuo-calificado\/","title":{"rendered":"Padre es hallado culpable por parricidio de sus tres hijos menores y arriesga presidio perpetuo calificado"},"content":{"rendered":"\n<p>El Tribunal Oral en lo Penal de Puerto Montt emiti\u00f3 un veredicto condenatorio contra un hombre acusado de tres delitos de parricidio, uno consumado y dos frustrados, en perjuicio de sus propios hijos: un ni\u00f1o lactante y dos hermanas gemelas. El imputado cuyo nombre no fue revelado, fue llevado a juicio por la fiscal Pamela Salgado, quien lider\u00f3 la investigaci\u00f3n por los cr\u00edmenes ocurridos entre 2019 y 2023 en el sector Mirasol.<\/p>\n\n\n\n<p>La fiscal detall\u00f3 que el primer caso se remonta a 2019, cuando un beb\u00e9 de solo 19 d\u00edas ingres\u00f3 al Hospital de Puerto Montt con convulsiones, fracturas en el brazo y costillas, adem\u00e1s de m\u00faltiples traumatismos craneoencef\u00e1licos que le provocaron un da\u00f1o neurol\u00f3gico irreversible.<\/p>\n\n\n\n<p>A\u00f1os m\u00e1s tarde, en septiembre de 2023, el horror se repiti\u00f3. Las hijas gemelas del acusado, de apenas un mes y 24 d\u00edas, fueron trasladadas a la Cl\u00ednica Andes Salud. Una de ellas muri\u00f3 por un traumatismo craneal severo y m\u00e1s de 17 fracturas, mientras que su hermana sobrevivi\u00f3 con lesiones similares y un cuadro de desnutrici\u00f3n.<\/p>\n\n\n\n<p>Seg\u00fan la Fiscal\u00eda, las pruebas demostraron que el autor de este patr\u00f3n de violencia extrema fue el propio padre. Por ello, el Ministerio P\u00fablico solicit\u00f3 la pena de presidio perpetuo calificado.<\/p>\n\n\n\n<p>La lectura de sentencia qued\u00f3 fijada para el 14 de julio a las 20.00 horas en el Tribunal de Puerto Montt, instancia que definir\u00e1 el castigo por uno de los casos m\u00e1s estremecedores ocurridos en la regi\u00f3n.<\/p>\n\n\n\n<p>\ud83d\udcf7 Referencial<\/p>\n","protected":false},"excerpt":{"rendered":"<p>El Tribunal Oral en lo Penal de Puerto Montt emiti\u00f3 un veredicto condenatorio contra un hombre acusado de tres delitos de parricidio, uno consumado y dos frustrados, en perjuicio de..<\/p>\n","protected":false},"author":2,"featured_media":11980,"comment_status":"closed","ping_status":"open","sticky":false,"template":"","format":"standard","meta":{"footnotes":""},"categories":[1,28,56],"tags":[],"class_list":["post-11979","post","type-post","status-publish","format-standard","has-post-thumbnail","hentry","category-acontecer","category-actual","category-puerto-montt"],"rttpg_featured_image_url":{"full":["https:\/\/elconquistadorredloslagos.cl\/test\/wp-content\/uploads\/2025\/07\/Diseno-sin-titulo-2-1.jpg",1920,1080,false],"landscape":["https:\/\/elconquistadorredloslagos.cl\/test\/wp-content\/uploads\/2025\/07\/Diseno-sin-titulo-2-1.jpg",1920,1080,false],"portraits":["https:\/\/elconquistadorredloslagos.cl\/test\/wp-content\/uploads\/2025\/07\/Diseno-sin-titulo-2-1.jpg",1920,1080,false],"thumbnail":["https:\/\/elconquistadorredloslagos.cl\/test\/wp-content\/uploads\/2025\/07\/Diseno-sin-titulo-2-1-150x150.jpg",150,150,true],"medium":["https:\/\/elconquistadorredloslagos.cl\/test\/wp-content\/uploads\/2025\/07\/Diseno-sin-titulo-2-1-300x169.jpg",300,169,true],"large":["https:\/\/elconquistadorredloslagos.cl\/test\/wp-content\/uploads\/2025\/07\/Diseno-sin-titulo-2-1-1024x576.jpg",1024,576,true],"1536x1536":["https:\/\/elconquistadorredloslagos.cl\/test\/wp-content\/uploads\/2025\/07\/Diseno-sin-titulo-2-1-1536x864.jpg",1536,864,true],"2048x2048":["https:\/\/elconquistadorredloslagos.cl\/test\/wp-content\/uploads\/2025\/07\/Diseno-sin-titulo-2-1.jpg",1920,1080,false]},"rttpg_author":{"display_name":"ccardenas","author_link":"https:\/\/elconquistadorredloslagos.cl\/test\/blog\/author\/ccardenas\/"},"rttpg_comment":0,"rttpg_category":"<a href=\"https:\/\/elconquistadorredloslagos.cl\/test\/blog\/category\/actual\/acontecer\/\" rel=\"category tag\">Acontecer<\/a> <a href=\"https:\/\/elconquistadorredloslagos.cl\/test\/blog\/category\/actual\/\" rel=\"category tag\">Actualidad<\/a> <a href=\"https:\/\/elconquistadorredloslagos.cl\/test\/blog\/category\/chile\/puerto-montt\/\" rel=\"category tag\">Puerto Montt<\/a>","rttpg_excerpt":"El Tribunal Oral en lo Penal de Puerto Montt emiti\u00f3 un veredicto condenatorio contra un hombre acusado de tres delitos de parricidio, uno consumado y dos frustrados, en perjuicio de..","_links":{"self":[{"href":"https:\/\/elconquistadorredloslagos.cl\/test\/wp-json\/wp\/v2\/posts\/11979","targetHints":{"allow":["GET"]}}],"collection":[{"href":"https:\/\/elconquistadorredloslagos.cl\/test\/wp-json\/wp\/v2\/posts"}],"about":[{"href":"https:\/\/elconquistadorredloslagos.cl\/test\/wp-json\/wp\/v2\/types\/post"}],"author":[{"embeddable":true,"href":"https:\/\/elconquistadorredloslagos.cl\/test\/wp-json\/wp\/v2\/users\/2"}],"replies":[{"embeddable":true,"href":"https:\/\/elconquistadorredloslagos.cl\/test\/wp-json\/wp\/v2\/comments?post=11979"}],"version-history":[{"count":1,"href":"https:\/\/elconquistadorredloslagos.cl\/test\/wp-json\/wp\/v2\/posts\/11979\/revisions"}],"predecessor-version":[{"id":11981,"href":"https:\/\/elconquistadorredloslagos.cl\/test\/wp-json\/wp\/v2\/posts\/11979\/revisions\/11981"}],"wp:featuredmedia":[{"embeddable":true,"href":"https:\/\/elconquistadorredloslagos.cl\/test\/wp-json\/wp\/v2\/media\/11980"}],"wp:attachment":[{"href":"https:\/\/elconquistadorredloslagos.cl\/test\/wp-json\/wp\/v2\/media?parent=11979"}],"wp:term":[{"taxonomy":"category","embeddable":true,"href":"https:\/\/elconquistadorredloslagos.cl\/test\/wp-json\/wp\/v2\/categories?post=11979"},{"taxonomy":"post_tag","embeddable":true,"href":"https:\/\/elconquistadorredloslagos.cl\/test\/wp-json\/wp\/v2\/tags?post=11979"}],"curies":[{"name":"wp","href":"https:\/\/api.w.org\/{rel}","templated":true}]}}