{"id":11966,"date":"2025-07-02T19:20:03","date_gmt":"2025-07-02T23:20:03","guid":{"rendered":"https:\/\/elconquistadorredloslagos.cl\/test\/?p=11966"},"modified":"2025-07-02T19:20:39","modified_gmt":"2025-07-02T23:20:39","slug":"rodrigo-munoz-liderara-a-los-diablos-rojos-en-la-nueva-temporada","status":"publish","type":"post","link":"https:\/\/elconquistadorredloslagos.cl\/test\/blog\/2025\/07\/02\/rodrigo-munoz-liderara-a-los-diablos-rojos-en-la-nueva-temporada\/","title":{"rendered":"Rodrigo Mu\u00f1oz liderar\u00e1 a los \u201cDiablos Rojos\u201d en la nueva temporada"},"content":{"rendered":"\n<p>El Club Deportivo Espa\u00f1ol de Osorno confirm\u00f3 que Rodrigo Mu\u00f1oz Garc\u00eda ser\u00e1 el nuevo entrenador del equipo adulto para la pr\u00f3xima temporada. Tras dos a\u00f1os como asistente t\u00e9cnico, el exjugador asume el desaf\u00edo de dirigir al conjunto osornino en la Liga Nacional de Transici\u00f3n y en la temporada regular de 2026.<\/p>\n\n\n\n<p>El nombramiento marca un paso significativo en la trayectoria profesional de Mu\u00f1oz, quien, adem\u00e1s de su experiencia en la cancha, posee un profundo conocimiento del b\u00e1squetbol local. Su v\u00ednculo con la ciudad y el club fueron factores clave para confiarle la conducci\u00f3n del plantel principal.<\/p>\n\n\n\n<p>Desde la dirigencia destacaron que su designaci\u00f3n busca dar continuidad al proyecto deportivo de los \u201cDiablos Rojos\u201d en consolidando una propuesta que apuesta por el desarrollo interno y la identidad local.<\/p>\n\n\n\n<p>El club expres\u00f3 sus mejores deseos al nuevo entrenador, confiando en que su liderazgo fortalecer\u00e1 el rumbo del equipo en las exigencias que traer\u00e1 la pr\u00f3xima temporada.<\/p>\n\n\n\n<p>\ud83d\udcf7 <a href=\"https:\/\/www.facebook.com\/EspanoldeOsorno?__tn__=-UC*F\">Club Deportivo Espa\u00f1ol De Osorno<\/a> &#8211; Facebook <\/p>\n","protected":false},"excerpt":{"rendered":"<p>El Club Deportivo Espa\u00f1ol de Osorno confirm\u00f3 que Rodrigo Mu\u00f1oz Garc\u00eda ser\u00e1 el nuevo entrenador del equipo adulto para la pr\u00f3xima temporada. Tras dos a\u00f1os como asistente t\u00e9cnico, el exjugador..<\/p>\n","protected":false},"author":2,"featured_media":11967,"comment_status":"closed","ping_status":"open","sticky":false,"template":"","format":"standard","meta":{"footnotes":""},"categories":[1,28,55],"tags":[],"class_list":["post-11966","post","type-post","status-publish","format-standard","has-post-thumbnail","hentry","category-acontecer","category-actual","category-osorno"],"rttpg_featured_image_url":{"full":["https:\/\/elconquistadorredloslagos.cl\/test\/wp-content\/uploads\/2025\/07\/Diseno-sin-titulo-5.jpg",1920,1080,false],"landscape":["https:\/\/elconquistadorredloslagos.cl\/test\/wp-content\/uploads\/2025\/07\/Diseno-sin-titulo-5.jpg",1920,1080,false],"portraits":["https:\/\/elconquistadorredloslagos.cl\/test\/wp-content\/uploads\/2025\/07\/Diseno-sin-titulo-5.jpg",1920,1080,false],"thumbnail":["https:\/\/elconquistadorredloslagos.cl\/test\/wp-content\/uploads\/2025\/07\/Diseno-sin-titulo-5-150x150.jpg",150,150,true],"medium":["https:\/\/elconquistadorredloslagos.cl\/test\/wp-content\/uploads\/2025\/07\/Diseno-sin-titulo-5-300x169.jpg",300,169,true],"large":["https:\/\/elconquistadorredloslagos.cl\/test\/wp-content\/uploads\/2025\/07\/Diseno-sin-titulo-5-1024x576.jpg",1024,576,true],"1536x1536":["https:\/\/elconquistadorredloslagos.cl\/test\/wp-content\/uploads\/2025\/07\/Diseno-sin-titulo-5-1536x864.jpg",1536,864,true],"2048x2048":["https:\/\/elconquistadorredloslagos.cl\/test\/wp-content\/uploads\/2025\/07\/Diseno-sin-titulo-5.jpg",1920,1080,false]},"rttpg_author":{"display_name":"ccardenas","author_link":"https:\/\/elconquistadorredloslagos.cl\/test\/blog\/author\/ccardenas\/"},"rttpg_comment":0,"rttpg_category":"<a href=\"https:\/\/elconquistadorredloslagos.cl\/test\/blog\/category\/actual\/acontecer\/\" rel=\"category tag\">Acontecer<\/a> <a href=\"https:\/\/elconquistadorredloslagos.cl\/test\/blog\/category\/actual\/\" rel=\"category tag\">Actualidad<\/a> <a href=\"https:\/\/elconquistadorredloslagos.cl\/test\/blog\/category\/chile\/osorno\/\" rel=\"category tag\">Osorno<\/a>","rttpg_excerpt":"El Club Deportivo Espa\u00f1ol de Osorno confirm\u00f3 que Rodrigo Mu\u00f1oz Garc\u00eda ser\u00e1 el nuevo entrenador del equipo adulto para la pr\u00f3xima temporada. Tras dos a\u00f1os como asistente t\u00e9cnico, el exjugador..","_links":{"self":[{"href":"https:\/\/elconquistadorredloslagos.cl\/test\/wp-json\/wp\/v2\/posts\/11966","targetHints":{"allow":["GET"]}}],"collection":[{"href":"https:\/\/elconquistadorredloslagos.cl\/test\/wp-json\/wp\/v2\/posts"}],"about":[{"href":"https:\/\/elconquistadorredloslagos.cl\/test\/wp-json\/wp\/v2\/types\/post"}],"author":[{"embeddable":true,"href":"https:\/\/elconquistadorredloslagos.cl\/test\/wp-json\/wp\/v2\/users\/2"}],"replies":[{"embeddable":true,"href":"https:\/\/elconquistadorredloslagos.cl\/test\/wp-json\/wp\/v2\/comments?post=11966"}],"version-history":[{"count":2,"href":"https:\/\/elconquistadorredloslagos.cl\/test\/wp-json\/wp\/v2\/posts\/11966\/revisions"}],"predecessor-version":[{"id":11969,"href":"https:\/\/elconquistadorredloslagos.cl\/test\/wp-json\/wp\/v2\/posts\/11966\/revisions\/11969"}],"wp:featuredmedia":[{"embeddable":true,"href":"https:\/\/elconquistadorredloslagos.cl\/test\/wp-json\/wp\/v2\/media\/11967"}],"wp:attachment":[{"href":"https:\/\/elconquistadorredloslagos.cl\/test\/wp-json\/wp\/v2\/media?parent=11966"}],"wp:term":[{"taxonomy":"category","embeddable":true,"href":"https:\/\/elconquistadorredloslagos.cl\/test\/wp-json\/wp\/v2\/categories?post=11966"},{"taxonomy":"post_tag","embeddable":true,"href":"https:\/\/elconquistadorredloslagos.cl\/test\/wp-json\/wp\/v2\/tags?post=11966"}],"curies":[{"name":"wp","href":"https:\/\/api.w.org\/{rel}","templated":true}]}}