{"id":11962,"date":"2025-07-02T19:10:07","date_gmt":"2025-07-02T23:10:07","guid":{"rendered":"https:\/\/elconquistadorredloslagos.cl\/test\/?p=11962"},"modified":"2025-07-02T19:10:08","modified_gmt":"2025-07-02T23:10:08","slug":"diputado-borquez-valora-confirmacion-de-propuesta-economica-del-proyecto-doble-via-en-chiloe","status":"publish","type":"post","link":"https:\/\/elconquistadorredloslagos.cl\/test\/blog\/2025\/07\/02\/diputado-borquez-valora-confirmacion-de-propuesta-economica-del-proyecto-doble-via-en-chiloe\/","title":{"rendered":"Diputado B\u00f3rquez valora confirmaci\u00f3n de propuesta econ\u00f3mica del proyecto doble v\u00eda en Chilo\u00e9"},"content":{"rendered":"\n<p>El diputado del distrito 26, Fernando B\u00f3rquez, valor\u00f3 positivamente la confirmaci\u00f3n de la propuesta econ\u00f3mica del proyecto de doble v\u00eda en Chilo\u00e9, luego de que el proceso de licitaci\u00f3n concluyera con la selecci\u00f3n de la empresa Costanera Spa como responsable de ejecutar esta anhelada obra de infraestructura vial.<\/p>\n\n\n\n<p>Lo anterior luego de que la Direcci\u00f3n General de Concesiones del Ministerio de Obras P\u00fablicas (MOP), abriera el \u00fanico sobre en competencia, validando t\u00e9cnicamente la oferta de la constructora de capitales italianos.<\/p>\n\n\n\n<figure class=\"wp-block-video\"><video height=\"1080\" style=\"aspect-ratio: 1920 \/ 1080;\" width=\"1920\" controls src=\"https:\/\/elconquistadorredloslagos.cl\/test\/wp-content\/uploads\/2025\/07\/videodip.mp4\"><\/video><\/figure>\n\n\n\n<p>La concreci\u00f3n del proyecto representa un hito esperado durante a\u00f1os por las y los habitantes de Chilo\u00e9, marcando un paso clave para mejorar la conectividad, fortalecer la seguridad vial y promover el desarrollo nacional e internacional en el Archipi\u00e9lago.<\/p>\n","protected":false},"excerpt":{"rendered":"<p>El diputado del distrito 26, Fernando B\u00f3rquez, valor\u00f3 positivamente la confirmaci\u00f3n de la propuesta econ\u00f3mica del proyecto de doble v\u00eda en Chilo\u00e9, luego de que el proceso de licitaci\u00f3n concluyera..<\/p>\n","protected":false},"author":2,"featured_media":11964,"comment_status":"closed","ping_status":"open","sticky":false,"template":"","format":"standard","meta":{"footnotes":""},"categories":[1,28,51,52,38],"tags":[],"class_list":["post-11962","post","type-post","status-publish","format-standard","has-post-thumbnail","hentry","category-acontecer","category-actual","category-chiloe","category-chile","category-politica"],"rttpg_featured_image_url":{"full":["https:\/\/elconquistadorredloslagos.cl\/test\/wp-content\/uploads\/2025\/07\/Diseno-sin-titulo-4.jpg",1920,1080,false],"landscape":["https:\/\/elconquistadorredloslagos.cl\/test\/wp-content\/uploads\/2025\/07\/Diseno-sin-titulo-4.jpg",1920,1080,false],"portraits":["https:\/\/elconquistadorredloslagos.cl\/test\/wp-content\/uploads\/2025\/07\/Diseno-sin-titulo-4.jpg",1920,1080,false],"thumbnail":["https:\/\/elconquistadorredloslagos.cl\/test\/wp-content\/uploads\/2025\/07\/Diseno-sin-titulo-4-150x150.jpg",150,150,true],"medium":["https:\/\/elconquistadorredloslagos.cl\/test\/wp-content\/uploads\/2025\/07\/Diseno-sin-titulo-4-300x169.jpg",300,169,true],"large":["https:\/\/elconquistadorredloslagos.cl\/test\/wp-content\/uploads\/2025\/07\/Diseno-sin-titulo-4-1024x576.jpg",1024,576,true],"1536x1536":["https:\/\/elconquistadorredloslagos.cl\/test\/wp-content\/uploads\/2025\/07\/Diseno-sin-titulo-4-1536x864.jpg",1536,864,true],"2048x2048":["https:\/\/elconquistadorredloslagos.cl\/test\/wp-content\/uploads\/2025\/07\/Diseno-sin-titulo-4.jpg",1920,1080,false]},"rttpg_author":{"display_name":"ccardenas","author_link":"https:\/\/elconquistadorredloslagos.cl\/test\/blog\/author\/ccardenas\/"},"rttpg_comment":0,"rttpg_category":"<a href=\"https:\/\/elconquistadorredloslagos.cl\/test\/blog\/category\/actual\/acontecer\/\" rel=\"category tag\">Acontecer<\/a> <a href=\"https:\/\/elconquistadorredloslagos.cl\/test\/blog\/category\/actual\/\" rel=\"category tag\">Actualidad<\/a> <a href=\"https:\/\/elconquistadorredloslagos.cl\/test\/blog\/category\/chile\/chiloe\/\" rel=\"category tag\">Chilo\u00e9<\/a> <a href=\"https:\/\/elconquistadorredloslagos.cl\/test\/blog\/category\/chile\/\" rel=\"category tag\">Nacional<\/a> <a href=\"https:\/\/elconquistadorredloslagos.cl\/test\/blog\/category\/actual\/politica\/\" rel=\"category tag\">Politica<\/a>","rttpg_excerpt":"El diputado del distrito 26, Fernando B\u00f3rquez, valor\u00f3 positivamente la confirmaci\u00f3n de la propuesta econ\u00f3mica del proyecto de doble v\u00eda en Chilo\u00e9, luego de que el proceso de licitaci\u00f3n concluyera..","_links":{"self":[{"href":"https:\/\/elconquistadorredloslagos.cl\/test\/wp-json\/wp\/v2\/posts\/11962","targetHints":{"allow":["GET"]}}],"collection":[{"href":"https:\/\/elconquistadorredloslagos.cl\/test\/wp-json\/wp\/v2\/posts"}],"about":[{"href":"https:\/\/elconquistadorredloslagos.cl\/test\/wp-json\/wp\/v2\/types\/post"}],"author":[{"embeddable":true,"href":"https:\/\/elconquistadorredloslagos.cl\/test\/wp-json\/wp\/v2\/users\/2"}],"replies":[{"embeddable":true,"href":"https:\/\/elconquistadorredloslagos.cl\/test\/wp-json\/wp\/v2\/comments?post=11962"}],"version-history":[{"count":1,"href":"https:\/\/elconquistadorredloslagos.cl\/test\/wp-json\/wp\/v2\/posts\/11962\/revisions"}],"predecessor-version":[{"id":11965,"href":"https:\/\/elconquistadorredloslagos.cl\/test\/wp-json\/wp\/v2\/posts\/11962\/revisions\/11965"}],"wp:featuredmedia":[{"embeddable":true,"href":"https:\/\/elconquistadorredloslagos.cl\/test\/wp-json\/wp\/v2\/media\/11964"}],"wp:attachment":[{"href":"https:\/\/elconquistadorredloslagos.cl\/test\/wp-json\/wp\/v2\/media?parent=11962"}],"wp:term":[{"taxonomy":"category","embeddable":true,"href":"https:\/\/elconquistadorredloslagos.cl\/test\/wp-json\/wp\/v2\/categories?post=11962"},{"taxonomy":"post_tag","embeddable":true,"href":"https:\/\/elconquistadorredloslagos.cl\/test\/wp-json\/wp\/v2\/tags?post=11962"}],"curies":[{"name":"wp","href":"https:\/\/api.w.org\/{rel}","templated":true}]}}