{"id":11950,"date":"2025-07-02T17:46:03","date_gmt":"2025-07-02T21:46:03","guid":{"rendered":"https:\/\/elconquistadorredloslagos.cl\/test\/?p=11950"},"modified":"2025-07-02T18:11:51","modified_gmt":"2025-07-02T22:11:51","slug":"municipio-estima-en-35-millones-los-danos-a-areas-verdes-en-plazas-centricas","status":"publish","type":"post","link":"https:\/\/elconquistadorredloslagos.cl\/test\/blog\/2025\/07\/02\/municipio-estima-en-35-millones-los-danos-a-areas-verdes-en-plazas-centricas\/","title":{"rendered":"Municipio de Puerto Montt estima en $3,5 millones los da\u00f1os a \u00e1reas verdes en plazas c\u00e9ntricas"},"content":{"rendered":"\n<p>Flores arrancadas, especies destruidas y zonas verdes da\u00f1adas fue el panorama con que amanecieron este mi\u00e9rcoles la Plaza de Armas y la Plaza Los Colonos. Equipos de la Direcci\u00f3n de Medio Ambiente, Aseo y Ornato, junto con trabajadores de la empresa Siglo Verde, acudieron desde temprano para restaurar el espacio p\u00fablico.<\/p>\n\n\n\n<p>Gracias a las c\u00e1maras de televigilancia se logr\u00f3 identificar al presunto responsable de los destrozos. Se trata de una persona en situaci\u00f3n de calle, con aparentes trastornos psiqui\u00e1tricos, quien fue derivada a un centro asistencial tras la intervenci\u00f3n del equipo de Seguridad P\u00fablica en conjunto con el Servicio de Salud Reloncav\u00ed. Desde la Municipalidad se interpuso una denuncia por los da\u00f1os al patrimonio municipal.<\/p>\n\n\n\n<p>El alcalde (s), Fernando Orellana, lament\u00f3 lo ocurrido y llam\u00f3 a la comunidad a cuidar el entorno. \u201cNuestros equipos est\u00e1n activos desde muy temprano, reparando todos los da\u00f1os para que la ciudad pueda funcionar sin problemas\u201d, afirm\u00f3. Por su parte, el director de Seguridad P\u00fablica, Andr\u00e9s Canelo, reforz\u00f3 la importancia de proteger los espacios que son de todos.<\/p>\n\n\n\n<p>\ud83d\udcf7 <a href=\"https:\/\/www.facebook.com\/munipuertomontt?__cft__[0]=AZUp3IecUCSpghWce5p5NtaphnCYe_n1nLUYFBTTydGGbbKrBbwhtuVer1-gvCUVRZS1gc1E8wTQELPIowACI_Qm4KPLUwy3A2AeHU4IfiCi5blJEv4phKNpu0QNuleAJB2e1bBhm25fta6eSGOYawMjvPxf4A0pRaN3vEjjOYoX0xFkmx6_YilZsBBAvSKR5aLnCYwYZi3MLcwvqn7O1TLg&amp;__tn__=-UC*F\">Municipalidad de Puerto Montt<\/a> &#8211; Facebook<\/p>\n","protected":false},"excerpt":{"rendered":"<p>Flores arrancadas, especies destruidas y zonas verdes da\u00f1adas fue el panorama con que amanecieron este mi\u00e9rcoles la Plaza de Armas y la Plaza Los Colonos. Equipos de la Direcci\u00f3n de..<\/p>\n","protected":false},"author":2,"featured_media":11951,"comment_status":"closed","ping_status":"open","sticky":false,"template":"","format":"standard","meta":{"footnotes":""},"categories":[1,28,56],"tags":[],"class_list":["post-11950","post","type-post","status-publish","format-standard","has-post-thumbnail","hentry","category-acontecer","category-actual","category-puerto-montt"],"rttpg_featured_image_url":{"full":["https:\/\/elconquistadorredloslagos.cl\/test\/wp-content\/uploads\/2025\/07\/Diseno-sin-titulo-2.jpg",1920,1080,false],"landscape":["https:\/\/elconquistadorredloslagos.cl\/test\/wp-content\/uploads\/2025\/07\/Diseno-sin-titulo-2.jpg",1920,1080,false],"portraits":["https:\/\/elconquistadorredloslagos.cl\/test\/wp-content\/uploads\/2025\/07\/Diseno-sin-titulo-2.jpg",1920,1080,false],"thumbnail":["https:\/\/elconquistadorredloslagos.cl\/test\/wp-content\/uploads\/2025\/07\/Diseno-sin-titulo-2-150x150.jpg",150,150,true],"medium":["https:\/\/elconquistadorredloslagos.cl\/test\/wp-content\/uploads\/2025\/07\/Diseno-sin-titulo-2-300x169.jpg",300,169,true],"large":["https:\/\/elconquistadorredloslagos.cl\/test\/wp-content\/uploads\/2025\/07\/Diseno-sin-titulo-2-1024x576.jpg",1024,576,true],"1536x1536":["https:\/\/elconquistadorredloslagos.cl\/test\/wp-content\/uploads\/2025\/07\/Diseno-sin-titulo-2-1536x864.jpg",1536,864,true],"2048x2048":["https:\/\/elconquistadorredloslagos.cl\/test\/wp-content\/uploads\/2025\/07\/Diseno-sin-titulo-2.jpg",1920,1080,false]},"rttpg_author":{"display_name":"ccardenas","author_link":"https:\/\/elconquistadorredloslagos.cl\/test\/blog\/author\/ccardenas\/"},"rttpg_comment":0,"rttpg_category":"<a href=\"https:\/\/elconquistadorredloslagos.cl\/test\/blog\/category\/actual\/acontecer\/\" rel=\"category tag\">Acontecer<\/a> <a href=\"https:\/\/elconquistadorredloslagos.cl\/test\/blog\/category\/actual\/\" rel=\"category tag\">Actualidad<\/a> <a href=\"https:\/\/elconquistadorredloslagos.cl\/test\/blog\/category\/chile\/puerto-montt\/\" rel=\"category tag\">Puerto Montt<\/a>","rttpg_excerpt":"Flores arrancadas, especies destruidas y zonas verdes da\u00f1adas fue el panorama con que amanecieron este mi\u00e9rcoles la Plaza de Armas y la Plaza Los Colonos. Equipos de la Direcci\u00f3n de..","_links":{"self":[{"href":"https:\/\/elconquistadorredloslagos.cl\/test\/wp-json\/wp\/v2\/posts\/11950","targetHints":{"allow":["GET"]}}],"collection":[{"href":"https:\/\/elconquistadorredloslagos.cl\/test\/wp-json\/wp\/v2\/posts"}],"about":[{"href":"https:\/\/elconquistadorredloslagos.cl\/test\/wp-json\/wp\/v2\/types\/post"}],"author":[{"embeddable":true,"href":"https:\/\/elconquistadorredloslagos.cl\/test\/wp-json\/wp\/v2\/users\/2"}],"replies":[{"embeddable":true,"href":"https:\/\/elconquistadorredloslagos.cl\/test\/wp-json\/wp\/v2\/comments?post=11950"}],"version-history":[{"count":3,"href":"https:\/\/elconquistadorredloslagos.cl\/test\/wp-json\/wp\/v2\/posts\/11950\/revisions"}],"predecessor-version":[{"id":11954,"href":"https:\/\/elconquistadorredloslagos.cl\/test\/wp-json\/wp\/v2\/posts\/11950\/revisions\/11954"}],"wp:featuredmedia":[{"embeddable":true,"href":"https:\/\/elconquistadorredloslagos.cl\/test\/wp-json\/wp\/v2\/media\/11951"}],"wp:attachment":[{"href":"https:\/\/elconquistadorredloslagos.cl\/test\/wp-json\/wp\/v2\/media?parent=11950"}],"wp:term":[{"taxonomy":"category","embeddable":true,"href":"https:\/\/elconquistadorredloslagos.cl\/test\/wp-json\/wp\/v2\/categories?post=11950"},{"taxonomy":"post_tag","embeddable":true,"href":"https:\/\/elconquistadorredloslagos.cl\/test\/wp-json\/wp\/v2\/tags?post=11950"}],"curies":[{"name":"wp","href":"https:\/\/api.w.org\/{rel}","templated":true}]}}