{"id":11946,"date":"2025-07-02T17:40:50","date_gmt":"2025-07-02T21:40:50","guid":{"rendered":"https:\/\/elconquistadorredloslagos.cl\/test\/?p=11946"},"modified":"2025-07-02T17:40:51","modified_gmt":"2025-07-02T21:40:51","slug":"lluvias-reemplazaran-ola-de-frio-y-mantienen-en-alerta-a-la-provincia-de-palena","status":"publish","type":"post","link":"https:\/\/elconquistadorredloslagos.cl\/test\/blog\/2025\/07\/02\/lluvias-reemplazaran-ola-de-frio-y-mantienen-en-alerta-a-la-provincia-de-palena\/","title":{"rendered":"Lluvias reemplazar\u00e1n ola de fr\u00edo y mantienen en alerta a la provincia de Palena"},"content":{"rendered":"\n<p>La regi\u00f3n de Los Lagos se prepara para un nuevo escenario clim\u00e1tico. Tras varios d\u00edas marcados por bajas temperaturas extremas, el Servicio Nacional de Prevenci\u00f3n y Respuesta ante Desastres (SENAPRED) confirm\u00f3 que se aproxima un periodo de precipitaciones que afectar\u00e1 principalmente a la provincia de Palena.<\/p>\n\n\n\n<p>El director regional del organismo, Mitzio Riquelme, se\u00f1al\u00f3 que las condiciones meteorol\u00f3gicas van a evolucionar r\u00e1pidamente provocando una modificaci\u00f3n en las alertas vigentes. Actualmente rige una Alerta Amarilla para la zona cordillerana, la que se espera sea reemplazada por una advertencia espec\u00edfica por lluvias.<\/p>\n\n\n\n<figure class=\"wp-block-audio\"><audio controls src=\"https:\/\/elconquistadorredloslagos.cl\/test\/wp-content\/uploads\/2025\/07\/3-CUNA-MITZIO-RIQUELME.mp3\"><\/audio><\/figure>\n\n\n\n<p>Las autoridades enfatizaron en la necesidad de mantener medidas preventivas ante posibles deslizamientos de tierra en sectores de mayor pendiente y vulnerabilidad. La informaci\u00f3n fue entregada en el marco de una reuni\u00f3n t\u00e9cnica convocada por la delegaci\u00f3n presidencial regional, instancia en la que se analizaron los impactos del reciente episodio de fr\u00edo extremo.<\/p>\n","protected":false},"excerpt":{"rendered":"<p>La regi\u00f3n de Los Lagos se prepara para un nuevo escenario clim\u00e1tico. Tras varios d\u00edas marcados por bajas temperaturas extremas, el Servicio Nacional de Prevenci\u00f3n y Respuesta ante Desastres (SENAPRED)..<\/p>\n","protected":false},"author":2,"featured_media":11948,"comment_status":"closed","ping_status":"open","sticky":false,"template":"","format":"standard","meta":{"footnotes":""},"categories":[1,28,51,54,55,56],"tags":[],"class_list":["post-11946","post","type-post","status-publish","format-standard","has-post-thumbnail","hentry","category-acontecer","category-actual","category-chiloe","category-lago-llanquihue","category-osorno","category-puerto-montt"],"rttpg_featured_image_url":{"full":["https:\/\/elconquistadorredloslagos.cl\/test\/wp-content\/uploads\/2025\/07\/Diseno-sin-titulo-1.jpg",1920,1080,false],"landscape":["https:\/\/elconquistadorredloslagos.cl\/test\/wp-content\/uploads\/2025\/07\/Diseno-sin-titulo-1.jpg",1920,1080,false],"portraits":["https:\/\/elconquistadorredloslagos.cl\/test\/wp-content\/uploads\/2025\/07\/Diseno-sin-titulo-1.jpg",1920,1080,false],"thumbnail":["https:\/\/elconquistadorredloslagos.cl\/test\/wp-content\/uploads\/2025\/07\/Diseno-sin-titulo-1-150x150.jpg",150,150,true],"medium":["https:\/\/elconquistadorredloslagos.cl\/test\/wp-content\/uploads\/2025\/07\/Diseno-sin-titulo-1-300x169.jpg",300,169,true],"large":["https:\/\/elconquistadorredloslagos.cl\/test\/wp-content\/uploads\/2025\/07\/Diseno-sin-titulo-1-1024x576.jpg",1024,576,true],"1536x1536":["https:\/\/elconquistadorredloslagos.cl\/test\/wp-content\/uploads\/2025\/07\/Diseno-sin-titulo-1-1536x864.jpg",1536,864,true],"2048x2048":["https:\/\/elconquistadorredloslagos.cl\/test\/wp-content\/uploads\/2025\/07\/Diseno-sin-titulo-1.jpg",1920,1080,false]},"rttpg_author":{"display_name":"ccardenas","author_link":"https:\/\/elconquistadorredloslagos.cl\/test\/blog\/author\/ccardenas\/"},"rttpg_comment":0,"rttpg_category":"<a href=\"https:\/\/elconquistadorredloslagos.cl\/test\/blog\/category\/actual\/acontecer\/\" rel=\"category tag\">Acontecer<\/a> <a href=\"https:\/\/elconquistadorredloslagos.cl\/test\/blog\/category\/actual\/\" rel=\"category tag\">Actualidad<\/a> <a href=\"https:\/\/elconquistadorredloslagos.cl\/test\/blog\/category\/chile\/chiloe\/\" rel=\"category tag\">Chilo\u00e9<\/a> <a href=\"https:\/\/elconquistadorredloslagos.cl\/test\/blog\/category\/chile\/lago-llanquihue\/\" rel=\"category tag\">Lago LLanquihue<\/a> <a href=\"https:\/\/elconquistadorredloslagos.cl\/test\/blog\/category\/chile\/osorno\/\" rel=\"category tag\">Osorno<\/a> <a href=\"https:\/\/elconquistadorredloslagos.cl\/test\/blog\/category\/chile\/puerto-montt\/\" rel=\"category tag\">Puerto Montt<\/a>","rttpg_excerpt":"La regi\u00f3n de Los Lagos se prepara para un nuevo escenario clim\u00e1tico. Tras varios d\u00edas marcados por bajas temperaturas extremas, el Servicio Nacional de Prevenci\u00f3n y Respuesta ante Desastres (SENAPRED)..","_links":{"self":[{"href":"https:\/\/elconquistadorredloslagos.cl\/test\/wp-json\/wp\/v2\/posts\/11946","targetHints":{"allow":["GET"]}}],"collection":[{"href":"https:\/\/elconquistadorredloslagos.cl\/test\/wp-json\/wp\/v2\/posts"}],"about":[{"href":"https:\/\/elconquistadorredloslagos.cl\/test\/wp-json\/wp\/v2\/types\/post"}],"author":[{"embeddable":true,"href":"https:\/\/elconquistadorredloslagos.cl\/test\/wp-json\/wp\/v2\/users\/2"}],"replies":[{"embeddable":true,"href":"https:\/\/elconquistadorredloslagos.cl\/test\/wp-json\/wp\/v2\/comments?post=11946"}],"version-history":[{"count":1,"href":"https:\/\/elconquistadorredloslagos.cl\/test\/wp-json\/wp\/v2\/posts\/11946\/revisions"}],"predecessor-version":[{"id":11949,"href":"https:\/\/elconquistadorredloslagos.cl\/test\/wp-json\/wp\/v2\/posts\/11946\/revisions\/11949"}],"wp:featuredmedia":[{"embeddable":true,"href":"https:\/\/elconquistadorredloslagos.cl\/test\/wp-json\/wp\/v2\/media\/11948"}],"wp:attachment":[{"href":"https:\/\/elconquistadorredloslagos.cl\/test\/wp-json\/wp\/v2\/media?parent=11946"}],"wp:term":[{"taxonomy":"category","embeddable":true,"href":"https:\/\/elconquistadorredloslagos.cl\/test\/wp-json\/wp\/v2\/categories?post=11946"},{"taxonomy":"post_tag","embeddable":true,"href":"https:\/\/elconquistadorredloslagos.cl\/test\/wp-json\/wp\/v2\/tags?post=11946"}],"curies":[{"name":"wp","href":"https:\/\/api.w.org\/{rel}","templated":true}]}}