{"id":11938,"date":"2025-07-02T16:56:26","date_gmt":"2025-07-02T20:56:26","guid":{"rendered":"https:\/\/elconquistadorredloslagos.cl\/test\/?p=11938"},"modified":"2025-07-02T18:27:20","modified_gmt":"2025-07-02T22:27:20","slug":"doble-via-chiloe-avanza-con-paso-firme-tras-confirmacion-de-oferta-economica","status":"publish","type":"post","link":"https:\/\/elconquistadorredloslagos.cl\/test\/blog\/2025\/07\/02\/doble-via-chiloe-avanza-con-paso-firme-tras-confirmacion-de-oferta-economica\/","title":{"rendered":"Doble v\u00eda Chilo\u00e9 avanza a paso firme tras confirmaci\u00f3n de oferta econ\u00f3mica"},"content":{"rendered":"\n<p>Tras a\u00f1os de espera, este mi\u00e9rcoles 2 de julio se dio un paso clave para concretar uno de los proyectos viales m\u00e1s importantes de la Regi\u00f3n de Los Lagos. En una ceremonia realizada en el Ministerio de Obras P\u00fablicas (MOP), se acept\u00f3 la oferta econ\u00f3mica del Grupo Costanera SPA, empresa de origen italiano que ser\u00e1 la encargada de construir la futura doble v\u00eda Chilo\u00e9, una carretera de alto est\u00e1ndar que unir\u00e1 Chacao con Chonchi a trav\u00e9s de la Ruta 5, en una inversi\u00f3n que asciende a 594 millones de d\u00f3lares.<\/p>\n\n\n\n<p>La apertura p\u00fablica del \u00fanico sobre en competencia marca un hito en el desarrollo del proyecto, que por m\u00e1s de una d\u00e9cada enfrent\u00f3 retrasos y ajustes. Con la validaci\u00f3n t\u00e9cnica ya superada, la adjudicaci\u00f3n definitiva parece inminente.<\/p>\n\n\n\n<p>El trazado contempla una extensi\u00f3n total de 126 kil\u00f3metros y considera una serie de obras orientadas a mejorar la seguridad vial y la sostenibilidad del entorno. Se incluyen pasarelas con accesibilidad universal, pasos de fauna, \u00e1reas de emergencia, puentes&nbsp; (como el que cruzar\u00e1 el r\u00edo Pudeto) y una mejora sustancial de curvas y pendientes peligrosas.<\/p>\n\n\n\n<p>Actualmente, el contrato se encuentra en revisi\u00f3n legal y espera la toma de raz\u00f3n por parte de Contralor\u00eda. Si todo avanza seg\u00fan lo previsto, las obras comenzar\u00edan en 2028 y finalizar\u00edan en 2033, coincidiendo con la apertura del Puente Chacao. As\u00ed lo coment\u00f3 el delegado provincial, Marcelo Malague\u00f1o.<\/p>\n\n\n\n<figure class=\"wp-block-audio\"><audio controls src=\"https:\/\/elconquistadorredloslagos.cl\/test\/wp-content\/uploads\/2025\/07\/3-CUNA-MARCELO-MALAGUENO.mp3\"><\/audio><\/figure>\n\n\n\n<p>En tanto el alcalde de Quinchao y presidente de la Asociaci\u00f3n de Municipalidades de Chilo\u00e9, Ren\u00e9 Garc\u00e9s, sostuvo que este avance representa un antes y un despu\u00e9s para la zona insular, que por primera vez se encamina hacia una conectividad moderna, segura y con visi\u00f3n de futuro. Por ahora solo resta destrabar algunos tr\u00e1mites administrativos.<\/p>\n\n\n\n<figure class=\"wp-block-audio\"><audio controls src=\"https:\/\/elconquistadorredloslagos.cl\/test\/wp-content\/uploads\/2025\/07\/3-CUNA-RENE-GARCES.mp3\"><\/audio><\/figure>\n\n\n\n<p>Finalmente, el gobernador regional Alejandro Santana, indic\u00f3 que es fundamental el poder acelerar los pasos y diferentes etapas del mega proyecto, para contar cuanto antes con esta carretera de alto estandar para la comunidad isle\u00f1a y visitantes.<\/p>\n\n\n\n<figure class=\"wp-block-audio\"><audio controls src=\"https:\/\/elconquistadorredloslagos.cl\/test\/wp-content\/uploads\/2025\/07\/3-CUNA-ALEJANDRO-SANTANA.mp3\"><\/audio><\/figure>\n\n\n\n<p>El proyecto tambi\u00e9n promete un fuerte impulso a la econom\u00eda local: se estima la creaci\u00f3n de cerca de 4.000 empleos directos e indirectos durante su construcci\u00f3n.<\/p>\n\n\n\n<p>\ud83d\udcf7 Redes sociales<\/p>\n","protected":false},"excerpt":{"rendered":"<p>Tras a\u00f1os de espera, este mi\u00e9rcoles 2 de julio se dio un paso clave para concretar uno de los proyectos viales m\u00e1s importantes de la Regi\u00f3n de Los Lagos. En..<\/p>\n","protected":false},"author":2,"featured_media":11942,"comment_status":"closed","ping_status":"open","sticky":false,"template":"","format":"standard","meta":{"footnotes":""},"categories":[1,28,51,26],"tags":[],"class_list":["post-11938","post","type-post","status-publish","format-standard","has-post-thumbnail","hentry","category-acontecer","category-actual","category-chiloe","category-comunidad"],"rttpg_featured_image_url":{"full":["https:\/\/elconquistadorredloslagos.cl\/test\/wp-content\/uploads\/2025\/07\/Diseno-sin-titulo.jpg",1920,1080,false],"landscape":["https:\/\/elconquistadorredloslagos.cl\/test\/wp-content\/uploads\/2025\/07\/Diseno-sin-titulo.jpg",1920,1080,false],"portraits":["https:\/\/elconquistadorredloslagos.cl\/test\/wp-content\/uploads\/2025\/07\/Diseno-sin-titulo.jpg",1920,1080,false],"thumbnail":["https:\/\/elconquistadorredloslagos.cl\/test\/wp-content\/uploads\/2025\/07\/Diseno-sin-titulo-150x150.jpg",150,150,true],"medium":["https:\/\/elconquistadorredloslagos.cl\/test\/wp-content\/uploads\/2025\/07\/Diseno-sin-titulo-300x169.jpg",300,169,true],"large":["https:\/\/elconquistadorredloslagos.cl\/test\/wp-content\/uploads\/2025\/07\/Diseno-sin-titulo-1024x576.jpg",1024,576,true],"1536x1536":["https:\/\/elconquistadorredloslagos.cl\/test\/wp-content\/uploads\/2025\/07\/Diseno-sin-titulo-1536x864.jpg",1536,864,true],"2048x2048":["https:\/\/elconquistadorredloslagos.cl\/test\/wp-content\/uploads\/2025\/07\/Diseno-sin-titulo.jpg",1920,1080,false]},"rttpg_author":{"display_name":"ccardenas","author_link":"https:\/\/elconquistadorredloslagos.cl\/test\/blog\/author\/ccardenas\/"},"rttpg_comment":0,"rttpg_category":"<a href=\"https:\/\/elconquistadorredloslagos.cl\/test\/blog\/category\/actual\/acontecer\/\" rel=\"category tag\">Acontecer<\/a> <a href=\"https:\/\/elconquistadorredloslagos.cl\/test\/blog\/category\/actual\/\" rel=\"category tag\">Actualidad<\/a> <a href=\"https:\/\/elconquistadorredloslagos.cl\/test\/blog\/category\/chile\/chiloe\/\" rel=\"category tag\">Chilo\u00e9<\/a> <a href=\"https:\/\/elconquistadorredloslagos.cl\/test\/blog\/category\/comunidad\/\" rel=\"category tag\">Comunidad<\/a>","rttpg_excerpt":"Tras a\u00f1os de espera, este mi\u00e9rcoles 2 de julio se dio un paso clave para concretar uno de los proyectos viales m\u00e1s importantes de la Regi\u00f3n de Los Lagos. En..","_links":{"self":[{"href":"https:\/\/elconquistadorredloslagos.cl\/test\/wp-json\/wp\/v2\/posts\/11938","targetHints":{"allow":["GET"]}}],"collection":[{"href":"https:\/\/elconquistadorredloslagos.cl\/test\/wp-json\/wp\/v2\/posts"}],"about":[{"href":"https:\/\/elconquistadorredloslagos.cl\/test\/wp-json\/wp\/v2\/types\/post"}],"author":[{"embeddable":true,"href":"https:\/\/elconquistadorredloslagos.cl\/test\/wp-json\/wp\/v2\/users\/2"}],"replies":[{"embeddable":true,"href":"https:\/\/elconquistadorredloslagos.cl\/test\/wp-json\/wp\/v2\/comments?post=11938"}],"version-history":[{"count":4,"href":"https:\/\/elconquistadorredloslagos.cl\/test\/wp-json\/wp\/v2\/posts\/11938\/revisions"}],"predecessor-version":[{"id":11961,"href":"https:\/\/elconquistadorredloslagos.cl\/test\/wp-json\/wp\/v2\/posts\/11938\/revisions\/11961"}],"wp:featuredmedia":[{"embeddable":true,"href":"https:\/\/elconquistadorredloslagos.cl\/test\/wp-json\/wp\/v2\/media\/11942"}],"wp:attachment":[{"href":"https:\/\/elconquistadorredloslagos.cl\/test\/wp-json\/wp\/v2\/media?parent=11938"}],"wp:term":[{"taxonomy":"category","embeddable":true,"href":"https:\/\/elconquistadorredloslagos.cl\/test\/wp-json\/wp\/v2\/categories?post=11938"},{"taxonomy":"post_tag","embeddable":true,"href":"https:\/\/elconquistadorredloslagos.cl\/test\/wp-json\/wp\/v2\/tags?post=11938"}],"curies":[{"name":"wp","href":"https:\/\/api.w.org\/{rel}","templated":true}]}}