{"id":11930,"date":"2025-07-01T18:46:55","date_gmt":"2025-07-01T22:46:55","guid":{"rendered":"https:\/\/elconquistadorredloslagos.cl\/test\/?p=11930"},"modified":"2025-07-01T18:46:56","modified_gmt":"2025-07-01T22:46:56","slug":"misquihue-se-organiza-para-levantar-nueva-posta-rural-con-apoyo-comunitario","status":"publish","type":"post","link":"https:\/\/elconquistadorredloslagos.cl\/test\/blog\/2025\/07\/01\/misquihue-se-organiza-para-levantar-nueva-posta-rural-con-apoyo-comunitario\/","title":{"rendered":"Misquihu\u00e9 se organiza para levantar nueva posta rural con apoyo comunitario"},"content":{"rendered":"\n<p>La comunidad de Misquihu\u00e9 en la comuna de Maull\u00edn, dio inicio a la organizaci\u00f3n de una minga que permitir\u00e1 el traslado temporal de su actual posta rural, paso clave para concretar la futura construcci\u00f3n de un moderno centro de salud.<\/p>\n\n\n\n<p>El proyecto ya cuenta con Recomendaci\u00f3n Satisfactoria (RS) y contempla una inversi\u00f3n de $1.200 millones. Mientras se avanza en los tr\u00e1mites, la posta ser\u00e1 reubicada en un terreno facilitado en comodato por la familia Gonz\u00e1lez Andrade, lo que evitar\u00e1 suspender la atenci\u00f3n m\u00e9dica.<\/p>\n\n\n\n<p>La decisi\u00f3n fue acordada en una reuni\u00f3n que convoc\u00f3 a autoridades municipales, dirigentes, vecinos y representantes del \u00e1rea de salud, quienes coincidieron en la importancia del trabajo colaborativo. <\/p>\n\n\n\n<p>Desde la serem\u00eda de Salud, se comprometi\u00f3 respaldo t\u00e9cnico y administrativo para acelerar el proceso. En paralelo, se contempla habilitar servicios b\u00e1sicos antes de octubre y, de ser necesario, derivar pacientes a la posta de El Pe\u00f1ol.<\/p>\n\n\n\n<p>\ud83d\udcf7 <a href=\"https:\/\/www.facebook.com\/MunicipalidaddeMaullin?__cft__[0]=AZXYR70BsUiI1PtpqMqPBjUmjgGwlNM3y1iIyA5kZIaP1WriDWFLkqupt-AGbt22eqAoGa27OjosSKRGzL8gk4n4wIt-e7Z4iRcxahbzPC9XFJ2kkVQ1HPyA0vE503F_RVJOsBLEiYgTvGRZAM_JmKf37R3vYWjMd8vmrTFyfzF7M4t68EqPDdwfe2hTZ3ZCPeZxX1ttV4wFThNOC-l5dVx0&amp;__tn__=-UC%2CP-R\"><strong>Municipalidad de Maull\u00edn<\/strong><\/a> &#8211; Facebook<\/p>\n","protected":false},"excerpt":{"rendered":"<p>La comunidad de Misquihu\u00e9 en la comuna de Maull\u00edn, dio inicio a la organizaci\u00f3n de una minga que permitir\u00e1 el traslado temporal de su actual posta rural, paso clave para..<\/p>\n","protected":false},"author":2,"featured_media":11931,"comment_status":"closed","ping_status":"open","sticky":false,"template":"","format":"standard","meta":{"footnotes":""},"categories":[1,28,56],"tags":[],"class_list":["post-11930","post","type-post","status-publish","format-standard","has-post-thumbnail","hentry","category-acontecer","category-actual","category-puerto-montt"],"rttpg_featured_image_url":{"full":["https:\/\/elconquistadorredloslagos.cl\/test\/wp-content\/uploads\/2025\/07\/IMG_2025-8.jpg",1920,1080,false],"landscape":["https:\/\/elconquistadorredloslagos.cl\/test\/wp-content\/uploads\/2025\/07\/IMG_2025-8.jpg",1920,1080,false],"portraits":["https:\/\/elconquistadorredloslagos.cl\/test\/wp-content\/uploads\/2025\/07\/IMG_2025-8.jpg",1920,1080,false],"thumbnail":["https:\/\/elconquistadorredloslagos.cl\/test\/wp-content\/uploads\/2025\/07\/IMG_2025-8-150x150.jpg",150,150,true],"medium":["https:\/\/elconquistadorredloslagos.cl\/test\/wp-content\/uploads\/2025\/07\/IMG_2025-8-300x169.jpg",300,169,true],"large":["https:\/\/elconquistadorredloslagos.cl\/test\/wp-content\/uploads\/2025\/07\/IMG_2025-8-1024x576.jpg",1024,576,true],"1536x1536":["https:\/\/elconquistadorredloslagos.cl\/test\/wp-content\/uploads\/2025\/07\/IMG_2025-8-1536x864.jpg",1536,864,true],"2048x2048":["https:\/\/elconquistadorredloslagos.cl\/test\/wp-content\/uploads\/2025\/07\/IMG_2025-8.jpg",1920,1080,false]},"rttpg_author":{"display_name":"ccardenas","author_link":"https:\/\/elconquistadorredloslagos.cl\/test\/blog\/author\/ccardenas\/"},"rttpg_comment":0,"rttpg_category":"<a href=\"https:\/\/elconquistadorredloslagos.cl\/test\/blog\/category\/actual\/acontecer\/\" rel=\"category tag\">Acontecer<\/a> <a href=\"https:\/\/elconquistadorredloslagos.cl\/test\/blog\/category\/actual\/\" rel=\"category tag\">Actualidad<\/a> <a href=\"https:\/\/elconquistadorredloslagos.cl\/test\/blog\/category\/chile\/puerto-montt\/\" rel=\"category tag\">Puerto Montt<\/a>","rttpg_excerpt":"La comunidad de Misquihu\u00e9 en la comuna de Maull\u00edn, dio inicio a la organizaci\u00f3n de una minga que permitir\u00e1 el traslado temporal de su actual posta rural, paso clave para..","_links":{"self":[{"href":"https:\/\/elconquistadorredloslagos.cl\/test\/wp-json\/wp\/v2\/posts\/11930","targetHints":{"allow":["GET"]}}],"collection":[{"href":"https:\/\/elconquistadorredloslagos.cl\/test\/wp-json\/wp\/v2\/posts"}],"about":[{"href":"https:\/\/elconquistadorredloslagos.cl\/test\/wp-json\/wp\/v2\/types\/post"}],"author":[{"embeddable":true,"href":"https:\/\/elconquistadorredloslagos.cl\/test\/wp-json\/wp\/v2\/users\/2"}],"replies":[{"embeddable":true,"href":"https:\/\/elconquistadorredloslagos.cl\/test\/wp-json\/wp\/v2\/comments?post=11930"}],"version-history":[{"count":1,"href":"https:\/\/elconquistadorredloslagos.cl\/test\/wp-json\/wp\/v2\/posts\/11930\/revisions"}],"predecessor-version":[{"id":11932,"href":"https:\/\/elconquistadorredloslagos.cl\/test\/wp-json\/wp\/v2\/posts\/11930\/revisions\/11932"}],"wp:featuredmedia":[{"embeddable":true,"href":"https:\/\/elconquistadorredloslagos.cl\/test\/wp-json\/wp\/v2\/media\/11931"}],"wp:attachment":[{"href":"https:\/\/elconquistadorredloslagos.cl\/test\/wp-json\/wp\/v2\/media?parent=11930"}],"wp:term":[{"taxonomy":"category","embeddable":true,"href":"https:\/\/elconquistadorredloslagos.cl\/test\/wp-json\/wp\/v2\/categories?post=11930"},{"taxonomy":"post_tag","embeddable":true,"href":"https:\/\/elconquistadorredloslagos.cl\/test\/wp-json\/wp\/v2\/tags?post=11930"}],"curies":[{"name":"wp","href":"https:\/\/api.w.org\/{rel}","templated":true}]}}