{"id":11927,"date":"2025-07-01T18:41:35","date_gmt":"2025-07-01T22:41:35","guid":{"rendered":"https:\/\/elconquistadorredloslagos.cl\/test\/?p=11927"},"modified":"2025-07-01T18:41:36","modified_gmt":"2025-07-01T22:41:36","slug":"reabren-paso-cardenal-samore-con-transito-habilitado-y-uso-obligatorio-de-cadenas","status":"publish","type":"post","link":"https:\/\/elconquistadorredloslagos.cl\/test\/blog\/2025\/07\/01\/reabren-paso-cardenal-samore-con-transito-habilitado-y-uso-obligatorio-de-cadenas\/","title":{"rendered":"Reabren paso Cardenal Samor\u00e9 con tr\u00e1nsito habilitado y uso obligatorio de cadenas"},"content":{"rendered":"\n<p>El tr\u00e1nsito por el paso internacional Cardenal Antonio Samor\u00e9 fue reanudado en las \u00faltimas horas para todo tipo de veh\u00edculos, aunque con la exigencia del porte obligatorio de cadenas. La medida fue adoptada tras una evaluaci\u00f3n de las condiciones clim\u00e1ticas, luego de que la v\u00eda permaneciera cerrada debido a una intensas acumulaciones de nieve.<\/p>\n\n\n\n<p>Tal como ocurri\u00f3 durante la semana pasada, las complicaciones en la ruta obligaron a suspender temporalmente el flujo vehicular con el objetivo de facilitar el trabajo de despeje por parte de los equipos de Vialidad. A ello se sumaron inconvenientes asociados a la red el\u00e9ctrica central, lo que dificult\u00f3 a\u00fan m\u00e1s la operatividad del cruce cordillerano.<\/p>\n\n\n\n<p>Desde la Delegaci\u00f3n Presidencial Provincial de Osorno se inform\u00f3 que, pese a las dificultades clim\u00e1ticas, los servicios del complejo fronterizo (como migraci\u00f3n, higiene y conectividad) contin\u00faan funcionando con normalidad para los usuarios que transitan entre Chile y Argentina.<\/p>\n\n\n\n<p>\ud83d\udcf7 Referencial<\/p>\n","protected":false},"excerpt":{"rendered":"<p>El tr\u00e1nsito por el paso internacional Cardenal Antonio Samor\u00e9 fue reanudado en las \u00faltimas horas para todo tipo de veh\u00edculos, aunque con la exigencia del porte obligatorio de cadenas. La..<\/p>\n","protected":false},"author":2,"featured_media":11928,"comment_status":"closed","ping_status":"open","sticky":false,"template":"","format":"standard","meta":{"footnotes":""},"categories":[1,28,55],"tags":[],"class_list":["post-11927","post","type-post","status-publish","format-standard","has-post-thumbnail","hentry","category-acontecer","category-actual","category-osorno"],"rttpg_featured_image_url":{"full":["https:\/\/elconquistadorredloslagos.cl\/test\/wp-content\/uploads\/2025\/07\/IMG_2025-7.jpg",1920,1080,false],"landscape":["https:\/\/elconquistadorredloslagos.cl\/test\/wp-content\/uploads\/2025\/07\/IMG_2025-7.jpg",1920,1080,false],"portraits":["https:\/\/elconquistadorredloslagos.cl\/test\/wp-content\/uploads\/2025\/07\/IMG_2025-7.jpg",1920,1080,false],"thumbnail":["https:\/\/elconquistadorredloslagos.cl\/test\/wp-content\/uploads\/2025\/07\/IMG_2025-7-150x150.jpg",150,150,true],"medium":["https:\/\/elconquistadorredloslagos.cl\/test\/wp-content\/uploads\/2025\/07\/IMG_2025-7-300x169.jpg",300,169,true],"large":["https:\/\/elconquistadorredloslagos.cl\/test\/wp-content\/uploads\/2025\/07\/IMG_2025-7-1024x576.jpg",1024,576,true],"1536x1536":["https:\/\/elconquistadorredloslagos.cl\/test\/wp-content\/uploads\/2025\/07\/IMG_2025-7-1536x864.jpg",1536,864,true],"2048x2048":["https:\/\/elconquistadorredloslagos.cl\/test\/wp-content\/uploads\/2025\/07\/IMG_2025-7.jpg",1920,1080,false]},"rttpg_author":{"display_name":"ccardenas","author_link":"https:\/\/elconquistadorredloslagos.cl\/test\/blog\/author\/ccardenas\/"},"rttpg_comment":0,"rttpg_category":"<a href=\"https:\/\/elconquistadorredloslagos.cl\/test\/blog\/category\/actual\/acontecer\/\" rel=\"category tag\">Acontecer<\/a> <a href=\"https:\/\/elconquistadorredloslagos.cl\/test\/blog\/category\/actual\/\" rel=\"category tag\">Actualidad<\/a> <a href=\"https:\/\/elconquistadorredloslagos.cl\/test\/blog\/category\/chile\/osorno\/\" rel=\"category tag\">Osorno<\/a>","rttpg_excerpt":"El tr\u00e1nsito por el paso internacional Cardenal Antonio Samor\u00e9 fue reanudado en las \u00faltimas horas para todo tipo de veh\u00edculos, aunque con la exigencia del porte obligatorio de cadenas. La..","_links":{"self":[{"href":"https:\/\/elconquistadorredloslagos.cl\/test\/wp-json\/wp\/v2\/posts\/11927","targetHints":{"allow":["GET"]}}],"collection":[{"href":"https:\/\/elconquistadorredloslagos.cl\/test\/wp-json\/wp\/v2\/posts"}],"about":[{"href":"https:\/\/elconquistadorredloslagos.cl\/test\/wp-json\/wp\/v2\/types\/post"}],"author":[{"embeddable":true,"href":"https:\/\/elconquistadorredloslagos.cl\/test\/wp-json\/wp\/v2\/users\/2"}],"replies":[{"embeddable":true,"href":"https:\/\/elconquistadorredloslagos.cl\/test\/wp-json\/wp\/v2\/comments?post=11927"}],"version-history":[{"count":1,"href":"https:\/\/elconquistadorredloslagos.cl\/test\/wp-json\/wp\/v2\/posts\/11927\/revisions"}],"predecessor-version":[{"id":11929,"href":"https:\/\/elconquistadorredloslagos.cl\/test\/wp-json\/wp\/v2\/posts\/11927\/revisions\/11929"}],"wp:featuredmedia":[{"embeddable":true,"href":"https:\/\/elconquistadorredloslagos.cl\/test\/wp-json\/wp\/v2\/media\/11928"}],"wp:attachment":[{"href":"https:\/\/elconquistadorredloslagos.cl\/test\/wp-json\/wp\/v2\/media?parent=11927"}],"wp:term":[{"taxonomy":"category","embeddable":true,"href":"https:\/\/elconquistadorredloslagos.cl\/test\/wp-json\/wp\/v2\/categories?post=11927"},{"taxonomy":"post_tag","embeddable":true,"href":"https:\/\/elconquistadorredloslagos.cl\/test\/wp-json\/wp\/v2\/tags?post=11927"}],"curies":[{"name":"wp","href":"https:\/\/api.w.org\/{rel}","templated":true}]}}