{"id":11924,"date":"2025-07-01T18:35:49","date_gmt":"2025-07-01T22:35:49","guid":{"rendered":"https:\/\/elconquistadorredloslagos.cl\/test\/?p=11924"},"modified":"2025-07-01T18:35:50","modified_gmt":"2025-07-01T22:35:50","slug":"puerto-montt-inicia-nueva-concesion-de-parquimetros-con-mas-espacios-y-tecnologia","status":"publish","type":"post","link":"https:\/\/elconquistadorredloslagos.cl\/test\/blog\/2025\/07\/01\/puerto-montt-inicia-nueva-concesion-de-parquimetros-con-mas-espacios-y-tecnologia\/","title":{"rendered":"Puerto Montt inicia nueva concesi\u00f3n de parqu\u00edmetros con m\u00e1s espacios y tecnolog\u00eda"},"content":{"rendered":"\n<p>Desde hoy 1 de julio comenz\u00f3 a regir en Puerto Montt la nueva concesi\u00f3n de parqu\u00edmetros, que se extender\u00e1 por seis a\u00f1os tras ser aprobada en mayo por el concejo municipal. La medida contempla un aumento en los estacionamientos tarifados, que pasan de 943 a 1.252, lo que representa 309 nuevos cupos. Con ello, los ingresos mensuales del municipio pr\u00e1cticamente se duplicar\u00e1n, pasando de $33 millones a cerca de $64 millones.<\/p>\n\n\n\n<p>Uno de los principales cambios es la implementaci\u00f3n de zonas diferenciadas con tarifas y horarios espec\u00edficos. En el centro, el cobro ser\u00e1 de $30 por minuto entre las 08.00 y 20.00 horas, mientras que en sectores perif\u00e9ricos la tarifa baja a $23 por minuto en el mismo horario. Adem\u00e1s, se establece una franja nocturna (de jueves a s\u00e1bado entre las 20.00 y 00.00) con una tarifa de $30 por minuto.<\/p>\n\n\n\n<p>Desde el municipio de la capital regional se destac\u00f3 la incorporaci\u00f3n de equipos con lector digital de patentes y transmisi\u00f3n en l\u00ednea, lo que permitir\u00e1 obtener informaci\u00f3n en tiempo real y mejorar la fiscalizaci\u00f3n. El sistema tendr\u00e1 un periodo de marcha blanca de seis meses.<\/p>\n\n\n\n<p>La iniciativa tambi\u00e9n considera beneficios sociales: adultos mayores y personas con discapacidad acceder\u00e1n a un 50% de descuento presentando su credencial del Registro Nacional de la Discapacidad o documento de identidad que acredite ser mayor de 60 a\u00f1os.<\/p>\n","protected":false},"excerpt":{"rendered":"<p>Desde hoy 1 de julio comenz\u00f3 a regir en Puerto Montt la nueva concesi\u00f3n de parqu\u00edmetros, que se extender\u00e1 por seis a\u00f1os tras ser aprobada en mayo por el concejo..<\/p>\n","protected":false},"author":2,"featured_media":11925,"comment_status":"closed","ping_status":"open","sticky":false,"template":"","format":"standard","meta":{"footnotes":""},"categories":[1,28,56],"tags":[],"class_list":["post-11924","post","type-post","status-publish","format-standard","has-post-thumbnail","hentry","category-acontecer","category-actual","category-puerto-montt"],"rttpg_featured_image_url":{"full":["https:\/\/elconquistadorredloslagos.cl\/test\/wp-content\/uploads\/2025\/07\/IMG_2025-6.jpg",1920,1080,false],"landscape":["https:\/\/elconquistadorredloslagos.cl\/test\/wp-content\/uploads\/2025\/07\/IMG_2025-6.jpg",1920,1080,false],"portraits":["https:\/\/elconquistadorredloslagos.cl\/test\/wp-content\/uploads\/2025\/07\/IMG_2025-6.jpg",1920,1080,false],"thumbnail":["https:\/\/elconquistadorredloslagos.cl\/test\/wp-content\/uploads\/2025\/07\/IMG_2025-6-150x150.jpg",150,150,true],"medium":["https:\/\/elconquistadorredloslagos.cl\/test\/wp-content\/uploads\/2025\/07\/IMG_2025-6-300x169.jpg",300,169,true],"large":["https:\/\/elconquistadorredloslagos.cl\/test\/wp-content\/uploads\/2025\/07\/IMG_2025-6-1024x576.jpg",1024,576,true],"1536x1536":["https:\/\/elconquistadorredloslagos.cl\/test\/wp-content\/uploads\/2025\/07\/IMG_2025-6-1536x864.jpg",1536,864,true],"2048x2048":["https:\/\/elconquistadorredloslagos.cl\/test\/wp-content\/uploads\/2025\/07\/IMG_2025-6.jpg",1920,1080,false]},"rttpg_author":{"display_name":"ccardenas","author_link":"https:\/\/elconquistadorredloslagos.cl\/test\/blog\/author\/ccardenas\/"},"rttpg_comment":0,"rttpg_category":"<a href=\"https:\/\/elconquistadorredloslagos.cl\/test\/blog\/category\/actual\/acontecer\/\" rel=\"category tag\">Acontecer<\/a> <a href=\"https:\/\/elconquistadorredloslagos.cl\/test\/blog\/category\/actual\/\" rel=\"category tag\">Actualidad<\/a> <a href=\"https:\/\/elconquistadorredloslagos.cl\/test\/blog\/category\/chile\/puerto-montt\/\" rel=\"category tag\">Puerto Montt<\/a>","rttpg_excerpt":"Desde hoy 1 de julio comenz\u00f3 a regir en Puerto Montt la nueva concesi\u00f3n de parqu\u00edmetros, que se extender\u00e1 por seis a\u00f1os tras ser aprobada en mayo por el concejo..","_links":{"self":[{"href":"https:\/\/elconquistadorredloslagos.cl\/test\/wp-json\/wp\/v2\/posts\/11924","targetHints":{"allow":["GET"]}}],"collection":[{"href":"https:\/\/elconquistadorredloslagos.cl\/test\/wp-json\/wp\/v2\/posts"}],"about":[{"href":"https:\/\/elconquistadorredloslagos.cl\/test\/wp-json\/wp\/v2\/types\/post"}],"author":[{"embeddable":true,"href":"https:\/\/elconquistadorredloslagos.cl\/test\/wp-json\/wp\/v2\/users\/2"}],"replies":[{"embeddable":true,"href":"https:\/\/elconquistadorredloslagos.cl\/test\/wp-json\/wp\/v2\/comments?post=11924"}],"version-history":[{"count":1,"href":"https:\/\/elconquistadorredloslagos.cl\/test\/wp-json\/wp\/v2\/posts\/11924\/revisions"}],"predecessor-version":[{"id":11926,"href":"https:\/\/elconquistadorredloslagos.cl\/test\/wp-json\/wp\/v2\/posts\/11924\/revisions\/11926"}],"wp:featuredmedia":[{"embeddable":true,"href":"https:\/\/elconquistadorredloslagos.cl\/test\/wp-json\/wp\/v2\/media\/11925"}],"wp:attachment":[{"href":"https:\/\/elconquistadorredloslagos.cl\/test\/wp-json\/wp\/v2\/media?parent=11924"}],"wp:term":[{"taxonomy":"category","embeddable":true,"href":"https:\/\/elconquistadorredloslagos.cl\/test\/wp-json\/wp\/v2\/categories?post=11924"},{"taxonomy":"post_tag","embeddable":true,"href":"https:\/\/elconquistadorredloslagos.cl\/test\/wp-json\/wp\/v2\/tags?post=11924"}],"curies":[{"name":"wp","href":"https:\/\/api.w.org\/{rel}","templated":true}]}}