{"id":11910,"date":"2025-07-01T17:56:55","date_gmt":"2025-07-01T21:56:55","guid":{"rendered":"https:\/\/elconquistadorredloslagos.cl\/test\/?p=11910"},"modified":"2025-07-01T17:56:56","modified_gmt":"2025-07-01T21:56:56","slug":"gobernador-santana-exige-responsabilidades-por-fallido-proyecto-de-saneamiento-de-terrenos","status":"publish","type":"post","link":"https:\/\/elconquistadorredloslagos.cl\/test\/blog\/2025\/07\/01\/gobernador-santana-exige-responsabilidades-por-fallido-proyecto-de-saneamiento-de-terrenos\/","title":{"rendered":"Gobernador Santana exige responsabilidades por fallido proyecto de saneamiento de terrenos"},"content":{"rendered":"\n<p>El gobernador regional de Los Lagos, Alejandro Santana, arremeti\u00f3 contra la Fundaci\u00f3n Participa y la Corporaci\u00f3n Kim\u00fcn, tras conocerse irregularidades en el uso de recursos p\u00fablicos destinados al saneamiento de terrenos en la regi\u00f3n. Santana calific\u00f3 como \u201cirresponsable, desprolijo y carente de compromiso\u201d el actuar de ambas organizaciones, cuyos representantes ser\u00e1n perseguidos judicialmente para que respondan con su patrimonio.<\/p>\n\n\n\n<p>La Fundaci\u00f3n Participa recibi\u00f3 1.200 millones de pesos del Gobierno Regional (GORE) para que miles de familias pudieran acceder a sus t\u00edtulos de dominio. Sin embargo, seg\u00fan inform\u00f3 el Ministerio P\u00fablico en una audiencia en el Juzgado de Garant\u00eda de Puerto Montt, parte del dinero fue usado para fines personales. La Fiscal\u00eda ya formaliz\u00f3 a altos ejecutivos por estafa, administraci\u00f3n desleal y lavado de activos.<\/p>\n\n\n\n<p>En paralelo, el Gobierno Regional inici\u00f3 una investigaci\u00f3n administrativa para exigir la restituci\u00f3n de 34 millones no rendidos. Santana anunci\u00f3 que trabajar\u00e1 con Bienes Nacionales para retomar la tarea inconclusa, que dej\u00f3 a 8 mil familias sin soluci\u00f3n. Adem\u00e1s asegur\u00f3 que se fortalecer\u00e1n los controles internos y la coordinaci\u00f3n con Contralor\u00eda para evitar que la regi\u00f3n vuelva a enfrentar otro esc\u00e1ndalo como este.<\/p>\n","protected":false},"excerpt":{"rendered":"<p>El gobernador regional de Los Lagos, Alejandro Santana, arremeti\u00f3 contra la Fundaci\u00f3n Participa y la Corporaci\u00f3n Kim\u00fcn, tras conocerse irregularidades en el uso de recursos p\u00fablicos destinados al saneamiento de..<\/p>\n","protected":false},"author":2,"featured_media":11911,"comment_status":"closed","ping_status":"open","sticky":false,"template":"","format":"standard","meta":{"footnotes":""},"categories":[1,28,56],"tags":[],"class_list":["post-11910","post","type-post","status-publish","format-standard","has-post-thumbnail","hentry","category-acontecer","category-actual","category-puerto-montt"],"rttpg_featured_image_url":{"full":["https:\/\/elconquistadorredloslagos.cl\/test\/wp-content\/uploads\/2025\/07\/IMG_2025-3.jpg",1920,1080,false],"landscape":["https:\/\/elconquistadorredloslagos.cl\/test\/wp-content\/uploads\/2025\/07\/IMG_2025-3.jpg",1920,1080,false],"portraits":["https:\/\/elconquistadorredloslagos.cl\/test\/wp-content\/uploads\/2025\/07\/IMG_2025-3.jpg",1920,1080,false],"thumbnail":["https:\/\/elconquistadorredloslagos.cl\/test\/wp-content\/uploads\/2025\/07\/IMG_2025-3-150x150.jpg",150,150,true],"medium":["https:\/\/elconquistadorredloslagos.cl\/test\/wp-content\/uploads\/2025\/07\/IMG_2025-3-300x169.jpg",300,169,true],"large":["https:\/\/elconquistadorredloslagos.cl\/test\/wp-content\/uploads\/2025\/07\/IMG_2025-3-1024x576.jpg",1024,576,true],"1536x1536":["https:\/\/elconquistadorredloslagos.cl\/test\/wp-content\/uploads\/2025\/07\/IMG_2025-3-1536x864.jpg",1536,864,true],"2048x2048":["https:\/\/elconquistadorredloslagos.cl\/test\/wp-content\/uploads\/2025\/07\/IMG_2025-3.jpg",1920,1080,false]},"rttpg_author":{"display_name":"ccardenas","author_link":"https:\/\/elconquistadorredloslagos.cl\/test\/blog\/author\/ccardenas\/"},"rttpg_comment":0,"rttpg_category":"<a href=\"https:\/\/elconquistadorredloslagos.cl\/test\/blog\/category\/actual\/acontecer\/\" rel=\"category tag\">Acontecer<\/a> <a href=\"https:\/\/elconquistadorredloslagos.cl\/test\/blog\/category\/actual\/\" rel=\"category tag\">Actualidad<\/a> <a href=\"https:\/\/elconquistadorredloslagos.cl\/test\/blog\/category\/chile\/puerto-montt\/\" rel=\"category tag\">Puerto Montt<\/a>","rttpg_excerpt":"El gobernador regional de Los Lagos, Alejandro Santana, arremeti\u00f3 contra la Fundaci\u00f3n Participa y la Corporaci\u00f3n Kim\u00fcn, tras conocerse irregularidades en el uso de recursos p\u00fablicos destinados al saneamiento de..","_links":{"self":[{"href":"https:\/\/elconquistadorredloslagos.cl\/test\/wp-json\/wp\/v2\/posts\/11910","targetHints":{"allow":["GET"]}}],"collection":[{"href":"https:\/\/elconquistadorredloslagos.cl\/test\/wp-json\/wp\/v2\/posts"}],"about":[{"href":"https:\/\/elconquistadorredloslagos.cl\/test\/wp-json\/wp\/v2\/types\/post"}],"author":[{"embeddable":true,"href":"https:\/\/elconquistadorredloslagos.cl\/test\/wp-json\/wp\/v2\/users\/2"}],"replies":[{"embeddable":true,"href":"https:\/\/elconquistadorredloslagos.cl\/test\/wp-json\/wp\/v2\/comments?post=11910"}],"version-history":[{"count":1,"href":"https:\/\/elconquistadorredloslagos.cl\/test\/wp-json\/wp\/v2\/posts\/11910\/revisions"}],"predecessor-version":[{"id":11912,"href":"https:\/\/elconquistadorredloslagos.cl\/test\/wp-json\/wp\/v2\/posts\/11910\/revisions\/11912"}],"wp:featuredmedia":[{"embeddable":true,"href":"https:\/\/elconquistadorredloslagos.cl\/test\/wp-json\/wp\/v2\/media\/11911"}],"wp:attachment":[{"href":"https:\/\/elconquistadorredloslagos.cl\/test\/wp-json\/wp\/v2\/media?parent=11910"}],"wp:term":[{"taxonomy":"category","embeddable":true,"href":"https:\/\/elconquistadorredloslagos.cl\/test\/wp-json\/wp\/v2\/categories?post=11910"},{"taxonomy":"post_tag","embeddable":true,"href":"https:\/\/elconquistadorredloslagos.cl\/test\/wp-json\/wp\/v2\/tags?post=11910"}],"curies":[{"name":"wp","href":"https:\/\/api.w.org\/{rel}","templated":true}]}}