{"id":11862,"date":"2025-06-30T19:17:26","date_gmt":"2025-06-30T23:17:26","guid":{"rendered":"https:\/\/elconquistadorredloslagos.cl\/test\/?p=11862"},"modified":"2025-06-30T19:17:27","modified_gmt":"2025-06-30T23:17:27","slug":"ola-polar-historica-suralis-mantiene-desplegados-sus-equipos-ante-requerimientos-por-rotura-de-medidores","status":"publish","type":"post","link":"https:\/\/elconquistadorredloslagos.cl\/test\/blog\/2025\/06\/30\/ola-polar-historica-suralis-mantiene-desplegados-sus-equipos-ante-requerimientos-por-rotura-de-medidores\/","title":{"rendered":"Ola Polar hist\u00f3rica: Suralis mantiene desplegados sus equipos ante requerimientos por rotura de medidores"},"content":{"rendered":"\n<p>Con despliegue desde Lanco a Futaleuf\u00fa, los equipos de Suralis trabajan en el recambio de medidores que resultaron da\u00f1ados en medio de la ola polar m\u00e1s extrema que se tenga registro en las zonas donde presta servicio.<\/p>\n\n\n\n<p>Desde la semana pasada se inici\u00f3 una campa\u00f1a de difusi\u00f3n que incluy\u00f3 el env\u00edo de comunicados de prensa, publicaciones en las cuentas de redes sociales y mensajes a grupos de WhatsApp vecinales, indicando las formas con las que se pude proteger el medidor del fr\u00edo glacial.<\/p>\n\n\n\n<p>Si bien se identificaron ejemplos de personas que atendieron el llamado y no tuvieron problemas, tambi\u00e9n hubo casos de medidores expuestos que se vieron afectados por esta inusual condici\u00f3n atmosf\u00e9rica que incluso motiv\u00f3 la suspensi\u00f3n de clases de algunos establecimientos educacionales que a\u00fan contin\u00faan en r\u00e9gimen de estudios.<\/p>\n\n\n\n<p>El gerente de Clientes y Asuntos Externos de Suralis, Dante Muzzio, explic\u00f3 que es fundamental que los clientes protejan un artefacto clave en el sistema de suministro de agua potable, como es el medidor.<\/p>\n\n\n\n<figure class=\"wp-block-audio\"><audio controls src=\"https:\/\/elconquistadorredloslagos.cl\/test\/wp-content\/uploads\/2025\/06\/1-CUNA-DANTE-MUZZIO-1.mp3\"><\/audio><\/figure>\n\n\n\n<p>Otro punto relevante es que se han recibido una cantidad considerable de requerimientos por problemas en el suministro de agua potable, que no est\u00e1n relacionados con el medidor, sino con el congelamiento de las ca\u00f1er\u00edas internas.<\/p>\n\n\n\n<figure class=\"wp-block-audio\"><audio controls src=\"https:\/\/elconquistadorredloslagos.cl\/test\/wp-content\/uploads\/2025\/06\/1-CUNA-DANTE-MUZZIO-2.mp3\"><\/audio><\/figure>\n\n\n\n<p>El ejecutivo puntualiz\u00f3 que el agua que se pierde por rotura de medidor no se carga a la cuenta del cliente, ya que ese costo es asumido por la compa\u00f1\u00eda.<\/p>\n\n\n\n<figure class=\"wp-block-audio\"><audio controls src=\"https:\/\/elconquistadorredloslagos.cl\/test\/wp-content\/uploads\/2025\/06\/1-CUNA-DANTE-MUZZIO-3.mp3\"><\/audio><\/figure>\n\n\n\n<p>Para ma\u00f1ana se espera una helada m\u00e1s moderada a las que se registraron los d\u00edas anteriores, sin embargo, desde Suralis llaman a la comunidad a no bajar la guardia ante esta contingencia que a\u00fan est\u00e1 en desarrollo. Se reitera el llamado a ingresar requerimientos al WhatsApp +569 8790 5268, al correo electr\u00f3nico <a href=\"mailto:ayuda@suralis.cl\">ayuda@suralis.cl<\/a>, o al tel\u00e9fono de contacto 600 401 4000.<\/p>\n","protected":false},"excerpt":{"rendered":"<p>Con despliegue desde Lanco a Futaleuf\u00fa, los equipos de Suralis trabajan en el recambio de medidores que resultaron da\u00f1ados en medio de la ola polar m\u00e1s extrema que se tenga..<\/p>\n","protected":false},"author":2,"featured_media":11866,"comment_status":"closed","ping_status":"open","sticky":false,"template":"","format":"standard","meta":{"footnotes":""},"categories":[1,28,51,54,52,55,56],"tags":[],"class_list":["post-11862","post","type-post","status-publish","format-standard","has-post-thumbnail","hentry","category-acontecer","category-actual","category-chiloe","category-lago-llanquihue","category-chile","category-osorno","category-puerto-montt"],"rttpg_featured_image_url":{"full":["https:\/\/elconquistadorredloslagos.cl\/test\/wp-content\/uploads\/2025\/06\/Diseno-sin-titulo-50.jpg",1920,1080,false],"landscape":["https:\/\/elconquistadorredloslagos.cl\/test\/wp-content\/uploads\/2025\/06\/Diseno-sin-titulo-50.jpg",1920,1080,false],"portraits":["https:\/\/elconquistadorredloslagos.cl\/test\/wp-content\/uploads\/2025\/06\/Diseno-sin-titulo-50.jpg",1920,1080,false],"thumbnail":["https:\/\/elconquistadorredloslagos.cl\/test\/wp-content\/uploads\/2025\/06\/Diseno-sin-titulo-50-150x150.jpg",150,150,true],"medium":["https:\/\/elconquistadorredloslagos.cl\/test\/wp-content\/uploads\/2025\/06\/Diseno-sin-titulo-50-300x169.jpg",300,169,true],"large":["https:\/\/elconquistadorredloslagos.cl\/test\/wp-content\/uploads\/2025\/06\/Diseno-sin-titulo-50-1024x576.jpg",1024,576,true],"1536x1536":["https:\/\/elconquistadorredloslagos.cl\/test\/wp-content\/uploads\/2025\/06\/Diseno-sin-titulo-50-1536x864.jpg",1536,864,true],"2048x2048":["https:\/\/elconquistadorredloslagos.cl\/test\/wp-content\/uploads\/2025\/06\/Diseno-sin-titulo-50.jpg",1920,1080,false]},"rttpg_author":{"display_name":"ccardenas","author_link":"https:\/\/elconquistadorredloslagos.cl\/test\/blog\/author\/ccardenas\/"},"rttpg_comment":0,"rttpg_category":"<a href=\"https:\/\/elconquistadorredloslagos.cl\/test\/blog\/category\/actual\/acontecer\/\" rel=\"category tag\">Acontecer<\/a> <a href=\"https:\/\/elconquistadorredloslagos.cl\/test\/blog\/category\/actual\/\" rel=\"category tag\">Actualidad<\/a> <a href=\"https:\/\/elconquistadorredloslagos.cl\/test\/blog\/category\/chile\/chiloe\/\" rel=\"category tag\">Chilo\u00e9<\/a> <a href=\"https:\/\/elconquistadorredloslagos.cl\/test\/blog\/category\/chile\/lago-llanquihue\/\" rel=\"category tag\">Lago LLanquihue<\/a> <a href=\"https:\/\/elconquistadorredloslagos.cl\/test\/blog\/category\/chile\/\" rel=\"category tag\">Nacional<\/a> <a href=\"https:\/\/elconquistadorredloslagos.cl\/test\/blog\/category\/chile\/osorno\/\" rel=\"category tag\">Osorno<\/a> <a href=\"https:\/\/elconquistadorredloslagos.cl\/test\/blog\/category\/chile\/puerto-montt\/\" rel=\"category tag\">Puerto Montt<\/a>","rttpg_excerpt":"Con despliegue desde Lanco a Futaleuf\u00fa, los equipos de Suralis trabajan en el recambio de medidores que resultaron da\u00f1ados en medio de la ola polar m\u00e1s extrema que se tenga..","_links":{"self":[{"href":"https:\/\/elconquistadorredloslagos.cl\/test\/wp-json\/wp\/v2\/posts\/11862","targetHints":{"allow":["GET"]}}],"collection":[{"href":"https:\/\/elconquistadorredloslagos.cl\/test\/wp-json\/wp\/v2\/posts"}],"about":[{"href":"https:\/\/elconquistadorredloslagos.cl\/test\/wp-json\/wp\/v2\/types\/post"}],"author":[{"embeddable":true,"href":"https:\/\/elconquistadorredloslagos.cl\/test\/wp-json\/wp\/v2\/users\/2"}],"replies":[{"embeddable":true,"href":"https:\/\/elconquistadorredloslagos.cl\/test\/wp-json\/wp\/v2\/comments?post=11862"}],"version-history":[{"count":1,"href":"https:\/\/elconquistadorredloslagos.cl\/test\/wp-json\/wp\/v2\/posts\/11862\/revisions"}],"predecessor-version":[{"id":11867,"href":"https:\/\/elconquistadorredloslagos.cl\/test\/wp-json\/wp\/v2\/posts\/11862\/revisions\/11867"}],"wp:featuredmedia":[{"embeddable":true,"href":"https:\/\/elconquistadorredloslagos.cl\/test\/wp-json\/wp\/v2\/media\/11866"}],"wp:attachment":[{"href":"https:\/\/elconquistadorredloslagos.cl\/test\/wp-json\/wp\/v2\/media?parent=11862"}],"wp:term":[{"taxonomy":"category","embeddable":true,"href":"https:\/\/elconquistadorredloslagos.cl\/test\/wp-json\/wp\/v2\/categories?post=11862"},{"taxonomy":"post_tag","embeddable":true,"href":"https:\/\/elconquistadorredloslagos.cl\/test\/wp-json\/wp\/v2\/tags?post=11862"}],"curies":[{"name":"wp","href":"https:\/\/api.w.org\/{rel}","templated":true}]}}