{"id":11842,"date":"2025-06-30T15:06:11","date_gmt":"2025-06-30T19:06:11","guid":{"rendered":"https:\/\/elconquistadorredloslagos.cl\/test\/?p=11842"},"modified":"2025-06-30T15:06:12","modified_gmt":"2025-06-30T19:06:12","slug":"puerto-montt-ordenan-prision-preventiva-a-dos-altos-cargos-de-la-fundacion-participa","status":"publish","type":"post","link":"https:\/\/elconquistadorredloslagos.cl\/test\/blog\/2025\/06\/30\/puerto-montt-ordenan-prision-preventiva-a-dos-altos-cargos-de-la-fundacion-participa\/","title":{"rendered":"Puerto Montt: ordenan prisi\u00f3n preventiva a dos altos cargos de la Fundaci\u00f3n Participa"},"content":{"rendered":"\n<p>El Juzgado de Garant\u00eda de Puerto Montt decret\u00f3 prisi\u00f3n preventiva para Daniel Ib\u00e1\u00f1ez y Fredy Seguel, presidente y director ejecutivo de la Fundaci\u00f3n Participa, respectivamente. Ambos fueron formalizados por estafa, administraci\u00f3n desleal y lavado de activos, en una audiencia que se extendi\u00f3 por casi tres horas. El tribunal fij\u00f3 un plazo de seis meses para la investigaci\u00f3n.<\/p>\n\n\n\n<p>Entre los hechos expuestos por el fiscal Patricio Poblete, figura un programa de regularizaci\u00f3n de propiedades que promet\u00eda 1.501 tr\u00e1mites, de los cuales solo seis se habr\u00edan concretado, generando un perjuicio fiscal de m\u00e1s de 26 millones de pesos. Adem\u00e1s, se detectaron expedientes duplicados para inflar resultados.<\/p>\n\n\n\n<p>Otro antecedente apunta al uso de \u201cpalos blancos\u201d: personas contratadas a honorarios obligadas a devolver sus sueldos, en beneficio de Ib\u00e1\u00f1ez. Se mencion\u00f3 a una abogada y un egresado de derecho, cuyas funciones no habr\u00edan sido reales.<\/p>\n\n\n\n<figure class=\"wp-block-audio\"><audio controls src=\"https:\/\/elconquistadorredloslagos.cl\/test\/wp-content\/uploads\/2025\/06\/1-CUNA-FISCAL-PUERTO-MONTT.mp3\"><\/audio><\/figure>\n\n\n\n<p>Sobre la labor desarrollada por las unidades especializadas de la Polic\u00eda de Investigaciones, se refiri\u00f3 el jefe de la Brigada Investigadora de Delitos Econ\u00f3micos de la PDI de Puerto Montt, subprefecto Fredy Biere.<\/p>\n\n\n\n<figure class=\"wp-block-audio\"><audio controls src=\"https:\/\/elconquistadorredloslagos.cl\/test\/wp-content\/uploads\/2025\/06\/1-CUNA-FISCAL-PUERTO-MONTT-1.mp3\"><\/audio><\/figure>\n\n\n\n<p>Tambi\u00e9n se revel\u00f3 el uso de fondos p\u00fablicos en dep\u00f3sitos a plazo, generando ganancias personales por m\u00e1s de 38 millones, y transferencias desde cuentas institucionales a usos particulares por m\u00e1s de 58 millones de pesos.<\/p>\n","protected":false},"excerpt":{"rendered":"<p>El Juzgado de Garant\u00eda de Puerto Montt decret\u00f3 prisi\u00f3n preventiva para Daniel Ib\u00e1\u00f1ez y Fredy Seguel, presidente y director ejecutivo de la Fundaci\u00f3n Participa, respectivamente. Ambos fueron formalizados por estafa,..<\/p>\n","protected":false},"author":2,"featured_media":11845,"comment_status":"closed","ping_status":"open","sticky":false,"template":"","format":"standard","meta":{"footnotes":""},"categories":[1,28,52,56],"tags":[],"class_list":["post-11842","post","type-post","status-publish","format-standard","has-post-thumbnail","hentry","category-acontecer","category-actual","category-chile","category-puerto-montt"],"rttpg_featured_image_url":{"full":["https:\/\/elconquistadorredloslagos.cl\/test\/wp-content\/uploads\/2025\/06\/Sin-titulo-1-4.jpg",1920,1080,false],"landscape":["https:\/\/elconquistadorredloslagos.cl\/test\/wp-content\/uploads\/2025\/06\/Sin-titulo-1-4.jpg",1920,1080,false],"portraits":["https:\/\/elconquistadorredloslagos.cl\/test\/wp-content\/uploads\/2025\/06\/Sin-titulo-1-4.jpg",1920,1080,false],"thumbnail":["https:\/\/elconquistadorredloslagos.cl\/test\/wp-content\/uploads\/2025\/06\/Sin-titulo-1-4-150x150.jpg",150,150,true],"medium":["https:\/\/elconquistadorredloslagos.cl\/test\/wp-content\/uploads\/2025\/06\/Sin-titulo-1-4-300x169.jpg",300,169,true],"large":["https:\/\/elconquistadorredloslagos.cl\/test\/wp-content\/uploads\/2025\/06\/Sin-titulo-1-4-1024x576.jpg",1024,576,true],"1536x1536":["https:\/\/elconquistadorredloslagos.cl\/test\/wp-content\/uploads\/2025\/06\/Sin-titulo-1-4-1536x864.jpg",1536,864,true],"2048x2048":["https:\/\/elconquistadorredloslagos.cl\/test\/wp-content\/uploads\/2025\/06\/Sin-titulo-1-4.jpg",1920,1080,false]},"rttpg_author":{"display_name":"ccardenas","author_link":"https:\/\/elconquistadorredloslagos.cl\/test\/blog\/author\/ccardenas\/"},"rttpg_comment":0,"rttpg_category":"<a href=\"https:\/\/elconquistadorredloslagos.cl\/test\/blog\/category\/actual\/acontecer\/\" rel=\"category tag\">Acontecer<\/a> <a href=\"https:\/\/elconquistadorredloslagos.cl\/test\/blog\/category\/actual\/\" rel=\"category tag\">Actualidad<\/a> <a href=\"https:\/\/elconquistadorredloslagos.cl\/test\/blog\/category\/chile\/\" rel=\"category tag\">Nacional<\/a> <a href=\"https:\/\/elconquistadorredloslagos.cl\/test\/blog\/category\/chile\/puerto-montt\/\" rel=\"category tag\">Puerto Montt<\/a>","rttpg_excerpt":"El Juzgado de Garant\u00eda de Puerto Montt decret\u00f3 prisi\u00f3n preventiva para Daniel Ib\u00e1\u00f1ez y Fredy Seguel, presidente y director ejecutivo de la Fundaci\u00f3n Participa, respectivamente. Ambos fueron formalizados por estafa,..","_links":{"self":[{"href":"https:\/\/elconquistadorredloslagos.cl\/test\/wp-json\/wp\/v2\/posts\/11842","targetHints":{"allow":["GET"]}}],"collection":[{"href":"https:\/\/elconquistadorredloslagos.cl\/test\/wp-json\/wp\/v2\/posts"}],"about":[{"href":"https:\/\/elconquistadorredloslagos.cl\/test\/wp-json\/wp\/v2\/types\/post"}],"author":[{"embeddable":true,"href":"https:\/\/elconquistadorredloslagos.cl\/test\/wp-json\/wp\/v2\/users\/2"}],"replies":[{"embeddable":true,"href":"https:\/\/elconquistadorredloslagos.cl\/test\/wp-json\/wp\/v2\/comments?post=11842"}],"version-history":[{"count":1,"href":"https:\/\/elconquistadorredloslagos.cl\/test\/wp-json\/wp\/v2\/posts\/11842\/revisions"}],"predecessor-version":[{"id":11846,"href":"https:\/\/elconquistadorredloslagos.cl\/test\/wp-json\/wp\/v2\/posts\/11842\/revisions\/11846"}],"wp:featuredmedia":[{"embeddable":true,"href":"https:\/\/elconquistadorredloslagos.cl\/test\/wp-json\/wp\/v2\/media\/11845"}],"wp:attachment":[{"href":"https:\/\/elconquistadorredloslagos.cl\/test\/wp-json\/wp\/v2\/media?parent=11842"}],"wp:term":[{"taxonomy":"category","embeddable":true,"href":"https:\/\/elconquistadorredloslagos.cl\/test\/wp-json\/wp\/v2\/categories?post=11842"},{"taxonomy":"post_tag","embeddable":true,"href":"https:\/\/elconquistadorredloslagos.cl\/test\/wp-json\/wp\/v2\/tags?post=11842"}],"curies":[{"name":"wp","href":"https:\/\/api.w.org\/{rel}","templated":true}]}}