{"id":11831,"date":"2025-06-30T13:35:34","date_gmt":"2025-06-30T17:35:34","guid":{"rendered":"https:\/\/elconquistadorredloslagos.cl\/test\/?p=11831"},"modified":"2025-06-30T13:35:35","modified_gmt":"2025-06-30T17:35:35","slug":"comienza-fase-final-de-restauracion-de-la-catedral-de-puerto-montt-luego-de-los-danos-del-estallido-social","status":"publish","type":"post","link":"https:\/\/elconquistadorredloslagos.cl\/test\/blog\/2025\/06\/30\/comienza-fase-final-de-restauracion-de-la-catedral-de-puerto-montt-luego-de-los-danos-del-estallido-social\/","title":{"rendered":"Comienza fase final de restauraci\u00f3n de la Catedral de Puerto Montt luego de los da\u00f1os del estallido social"},"content":{"rendered":"\n<p>Con la reparaci\u00f3n de los pilares vandalizados durante el estallido social, comenz\u00f3 la etapa final de restauraci\u00f3n de la Catedral de Puerto Montt. Los trabajos est\u00e1n siendo ejecutados por carpinteros provenientes de Ancud, quienes buscan devolver al emblem\u00e1tico templo su estado original tras a\u00f1os de deterioro.<\/p>\n\n\n\n<p>Desde el Arzobispado de la ciudad, Felipe Gonz\u00e1lez encargado de bienes, se\u00f1al\u00f3 que en aproximadamente dos semanas la comunidad y los visitantes podr\u00e1n apreciar nuevamente la iglesia sin las latas que cubren su fachada.<\/p>\n\n\n\n<p>Para financiar los arreglos la instituci\u00f3n eclesi\u00e1stica impuls\u00f3 una colecta que, pese a partir con lentitud, logr\u00f3 reunir un monto significativo. A ello se sum\u00f3 la venta de bonos tras las \u00faltimas misas dominicales, lo que permiti\u00f3 reunir los recursos necesarios para avanzar en la restauraci\u00f3n.<\/p>\n\n\n\n<p>\ud83d\udcf7 <a href=\"https:\/\/www.arzobispadodepuertomontt.cl\/\">www.arzobispadodepuertomontt.cl<\/a><\/p>\n","protected":false},"excerpt":{"rendered":"<p>Con la reparaci\u00f3n de los pilares vandalizados durante el estallido social, comenz\u00f3 la etapa final de restauraci\u00f3n de la Catedral de Puerto Montt. Los trabajos est\u00e1n siendo ejecutados por carpinteros..<\/p>\n","protected":false},"author":2,"featured_media":11832,"comment_status":"closed","ping_status":"open","sticky":false,"template":"","format":"standard","meta":{"footnotes":""},"categories":[1,28,51,52,56],"tags":[],"class_list":["post-11831","post","type-post","status-publish","format-standard","has-post-thumbnail","hentry","category-acontecer","category-actual","category-chiloe","category-chile","category-puerto-montt"],"rttpg_featured_image_url":{"full":["https:\/\/elconquistadorredloslagos.cl\/test\/wp-content\/uploads\/2025\/06\/Sin-titulo-1-3.jpg",1920,1080,false],"landscape":["https:\/\/elconquistadorredloslagos.cl\/test\/wp-content\/uploads\/2025\/06\/Sin-titulo-1-3.jpg",1920,1080,false],"portraits":["https:\/\/elconquistadorredloslagos.cl\/test\/wp-content\/uploads\/2025\/06\/Sin-titulo-1-3.jpg",1920,1080,false],"thumbnail":["https:\/\/elconquistadorredloslagos.cl\/test\/wp-content\/uploads\/2025\/06\/Sin-titulo-1-3-150x150.jpg",150,150,true],"medium":["https:\/\/elconquistadorredloslagos.cl\/test\/wp-content\/uploads\/2025\/06\/Sin-titulo-1-3-300x169.jpg",300,169,true],"large":["https:\/\/elconquistadorredloslagos.cl\/test\/wp-content\/uploads\/2025\/06\/Sin-titulo-1-3-1024x576.jpg",1024,576,true],"1536x1536":["https:\/\/elconquistadorredloslagos.cl\/test\/wp-content\/uploads\/2025\/06\/Sin-titulo-1-3-1536x864.jpg",1536,864,true],"2048x2048":["https:\/\/elconquistadorredloslagos.cl\/test\/wp-content\/uploads\/2025\/06\/Sin-titulo-1-3.jpg",1920,1080,false]},"rttpg_author":{"display_name":"ccardenas","author_link":"https:\/\/elconquistadorredloslagos.cl\/test\/blog\/author\/ccardenas\/"},"rttpg_comment":0,"rttpg_category":"<a href=\"https:\/\/elconquistadorredloslagos.cl\/test\/blog\/category\/actual\/acontecer\/\" rel=\"category tag\">Acontecer<\/a> <a href=\"https:\/\/elconquistadorredloslagos.cl\/test\/blog\/category\/actual\/\" rel=\"category tag\">Actualidad<\/a> <a href=\"https:\/\/elconquistadorredloslagos.cl\/test\/blog\/category\/chile\/chiloe\/\" rel=\"category tag\">Chilo\u00e9<\/a> <a href=\"https:\/\/elconquistadorredloslagos.cl\/test\/blog\/category\/chile\/\" rel=\"category tag\">Nacional<\/a> <a href=\"https:\/\/elconquistadorredloslagos.cl\/test\/blog\/category\/chile\/puerto-montt\/\" rel=\"category tag\">Puerto Montt<\/a>","rttpg_excerpt":"Con la reparaci\u00f3n de los pilares vandalizados durante el estallido social, comenz\u00f3 la etapa final de restauraci\u00f3n de la Catedral de Puerto Montt. Los trabajos est\u00e1n siendo ejecutados por carpinteros..","_links":{"self":[{"href":"https:\/\/elconquistadorredloslagos.cl\/test\/wp-json\/wp\/v2\/posts\/11831","targetHints":{"allow":["GET"]}}],"collection":[{"href":"https:\/\/elconquistadorredloslagos.cl\/test\/wp-json\/wp\/v2\/posts"}],"about":[{"href":"https:\/\/elconquistadorredloslagos.cl\/test\/wp-json\/wp\/v2\/types\/post"}],"author":[{"embeddable":true,"href":"https:\/\/elconquistadorredloslagos.cl\/test\/wp-json\/wp\/v2\/users\/2"}],"replies":[{"embeddable":true,"href":"https:\/\/elconquistadorredloslagos.cl\/test\/wp-json\/wp\/v2\/comments?post=11831"}],"version-history":[{"count":1,"href":"https:\/\/elconquistadorredloslagos.cl\/test\/wp-json\/wp\/v2\/posts\/11831\/revisions"}],"predecessor-version":[{"id":11833,"href":"https:\/\/elconquistadorredloslagos.cl\/test\/wp-json\/wp\/v2\/posts\/11831\/revisions\/11833"}],"wp:featuredmedia":[{"embeddable":true,"href":"https:\/\/elconquistadorredloslagos.cl\/test\/wp-json\/wp\/v2\/media\/11832"}],"wp:attachment":[{"href":"https:\/\/elconquistadorredloslagos.cl\/test\/wp-json\/wp\/v2\/media?parent=11831"}],"wp:term":[{"taxonomy":"category","embeddable":true,"href":"https:\/\/elconquistadorredloslagos.cl\/test\/wp-json\/wp\/v2\/categories?post=11831"},{"taxonomy":"post_tag","embeddable":true,"href":"https:\/\/elconquistadorredloslagos.cl\/test\/wp-json\/wp\/v2\/tags?post=11831"}],"curies":[{"name":"wp","href":"https:\/\/api.w.org\/{rel}","templated":true}]}}