{"id":11826,"date":"2025-06-05T13:40:28","date_gmt":"2025-06-05T17:40:28","guid":{"rendered":"https:\/\/elconquistadorredloslagos.cl\/test\/?p=11826"},"modified":"2025-06-30T13:41:07","modified_gmt":"2025-06-30T17:41:07","slug":"alcalde-de-frutillar-confirma-continuidad-del-programa-de-atencion-para-personas-con-espectro-autista","status":"publish","type":"post","link":"https:\/\/elconquistadorredloslagos.cl\/test\/blog\/2025\/06\/05\/alcalde-de-frutillar-confirma-continuidad-del-programa-de-atencion-para-personas-con-espectro-autista\/","title":{"rendered":"Alcalde de Frutillar confirma continuidad del programa de atenci\u00f3n para personas con espectro autista"},"content":{"rendered":"\n<h3 class=\"wp-block-heading\">Iniciativa beneficiar\u00e1 a cerca de 60 familias de la comuna que reciben apoyo a trav\u00e9s de la Casa TEA<\/h3>\n\n\n\n<p>En el marco de una reuni\u00f3n con los concejales <strong>Luis Millaqu\u00e9n<\/strong>, <strong>Sergio C\u00e1rcamo<\/strong> y <strong>Gustavo Paredes<\/strong>, el alcalde de Frutillar, <strong>Javier Arismendi<\/strong>, confirm\u00f3 la <strong>continuidad del programa de atenci\u00f3n infantil especializado para personas dentro del espectro autista<\/strong>, que funciona actualmente en la <strong>Casa TEA<\/strong> de la comuna.<\/p>\n\n\n\n<p>El jefe comunal explic\u00f3 que se ha alcanzado un acuerdo con el <strong>Servicio de Salud del Reloncav\u00ed<\/strong>, el cual financiar\u00e1, durante los pr\u00f3ximos dos meses, a tres de los profesionales que integran el programa. El cuarto profesional ser\u00e1 cubierto directamente por el municipio, con recursos aprobados por el Concejo Municipal.<\/p>\n\n\n\n<blockquote class=\"wp-block-quote is-layout-flow wp-block-quote-is-layout-flow\">\n<p>\u201cEsto est\u00e1 garantizado por dos meses por el Servicio de Salud, a la espera de que el Gobierno Regional contin\u00fae con el financiamiento. De lo contrario, asumimos el compromiso de que esto sigue hasta fin de a\u00f1o, y tambi\u00e9n el pr\u00f3ximo. No podemos permitir que se interrumpa un programa que ha generado v\u00ednculos tan importantes entre los ni\u00f1os y sus profesionales\u201d, se\u00f1al\u00f3 el alcalde Arismendi.<\/p>\n<\/blockquote>\n\n\n\n<h3 class=\"wp-block-heading\">Refuerzo profesional y nuevos servicios<\/h3>\n\n\n\n<p>Durante el anuncio, el alcalde tambi\u00e9n adelant\u00f3 que se est\u00e1 gestionando la incorporaci\u00f3n de un <strong>neur\u00f3logo o psiquiatra infantil<\/strong>, al menos una vez por semana, para <strong>reducir la lista de espera de ni\u00f1os en evaluaci\u00f3n de diagn\u00f3stico<\/strong>. Esta noticia fue destacada por la terapeuta ocupacional <strong>Natalia Castillo<\/strong>, quien subray\u00f3 la importancia de contar con continuidad en el equipo de trabajo y apoyo especializado.<\/p>\n\n\n\n<blockquote class=\"wp-block-quote is-layout-flow wp-block-quote-is-layout-flow\">\n<p>\u201cEstamos muy contentos por esta noticia. Para las familias es un beneficio enorme poder continuar trabajando con el equipo, y para los profesionales es fundamental mantener la continuidad en su labor, adem\u00e1s del refuerzo con nuevos especialistas para cubrir las necesidades de los ni\u00f1os, ni\u00f1as, adolescentes y sus familias\u201d, indic\u00f3.<\/p>\n<\/blockquote>\n\n\n\n<h3 class=\"wp-block-heading\">Ampliaci\u00f3n de atenci\u00f3n y apoyo a cuidadores<\/h3>\n\n\n\n<p>Asimismo, el alcalde Arismendi inform\u00f3 sobre nuevos compromisos para fortalecer el programa, como la <strong>incorporaci\u00f3n de personal administrativo<\/strong>, con el fin de aliviar la carga operativa del equipo de salud, y la <strong>contrataci\u00f3n de un psic\u00f3logo<\/strong>, que tendr\u00e1 entre sus funciones evaluar la posibilidad de <strong>ampliar el rango de edad de atenci\u00f3n<\/strong>, actualmente limitado hasta los 5 a\u00f1os.<\/p>\n\n\n\n<p>En paralelo, se est\u00e1 estudiando la opci\u00f3n de <strong>ofrecer atenci\u00f3n psicol\u00f3gica a cuidadores y familias<\/strong>, para reforzar el bienestar emocional de quienes sostienen el entorno cercano de los menores beneficiarios.<\/p>\n\n\n\n<h3 class=\"wp-block-heading\">Testimonio de las familias<\/h3>\n\n\n\n<p><strong>M\u00f3nica Torrealba<\/strong>, apoderada de uno de los ni\u00f1os atendidos en la Casa TEA, valor\u00f3 el compromiso del municipio:<\/p>\n\n\n\n<blockquote class=\"wp-block-quote is-layout-flow wp-block-quote-is-layout-flow\">\n<p>\u201cSon buenas noticias, porque la Casa TEA atiende a alrededor de 60 ni\u00f1os, lo que significa 60 familias que pudieron haberse quedado sin atenci\u00f3n. En mi caso, mi hijo se atiende con terapeuta ocupacional, fonoaudi\u00f3logo y psic\u00f3loga. Es un apoyo que, si tuvi\u00e9ramos que financiar de forma particular, ser\u00eda muy costoso. Por eso agradecemos que el alcalde haya dejado claro que la Casa seguir\u00e1 funcionando\u201d.<\/p>\n<\/blockquote>\n\n\n\n<h3 class=\"wp-block-heading\">Una noticia esperanzadora<\/h3>\n\n\n\n<p>La continuidad de este programa, junto con la proyecci\u00f3n de un <strong>posible cambio a un recinto m\u00e1s amplio<\/strong>, representa una noticia alentadora para decenas de familias frutillarinas que han encontrado en la Casa TEA <strong>un espacio fundamental para el desarrollo integral y la inclusi\u00f3n de sus hijos e hijas<\/strong>.<\/p>\n","protected":false},"excerpt":{"rendered":"<p>Iniciativa beneficiar\u00e1 a cerca de 60 familias de la comuna que reciben apoyo a trav\u00e9s de la Casa TEA En el marco de una reuni\u00f3n con los concejales Luis Millaqu\u00e9n,..<\/p>\n","protected":false},"author":7,"featured_media":11830,"comment_status":"closed","ping_status":"open","sticky":false,"template":"","format":"standard","meta":{"footnotes":""},"categories":[28,54],"tags":[],"class_list":["post-11826","post","type-post","status-publish","format-standard","has-post-thumbnail","hentry","category-actual","category-lago-llanquihue"],"rttpg_featured_image_url":{"full":["https:\/\/elconquistadorredloslagos.cl\/test\/wp-content\/uploads\/2025\/06\/frutillar-espectro-autista.png",1920,1080,false],"landscape":["https:\/\/elconquistadorredloslagos.cl\/test\/wp-content\/uploads\/2025\/06\/frutillar-espectro-autista.png",1920,1080,false],"portraits":["https:\/\/elconquistadorredloslagos.cl\/test\/wp-content\/uploads\/2025\/06\/frutillar-espectro-autista.png",1920,1080,false],"thumbnail":["https:\/\/elconquistadorredloslagos.cl\/test\/wp-content\/uploads\/2025\/06\/frutillar-espectro-autista-150x150.png",150,150,true],"medium":["https:\/\/elconquistadorredloslagos.cl\/test\/wp-content\/uploads\/2025\/06\/frutillar-espectro-autista-300x169.png",300,169,true],"large":["https:\/\/elconquistadorredloslagos.cl\/test\/wp-content\/uploads\/2025\/06\/frutillar-espectro-autista-1024x576.png",1024,576,true],"1536x1536":["https:\/\/elconquistadorredloslagos.cl\/test\/wp-content\/uploads\/2025\/06\/frutillar-espectro-autista-1536x864.png",1536,864,true],"2048x2048":["https:\/\/elconquistadorredloslagos.cl\/test\/wp-content\/uploads\/2025\/06\/frutillar-espectro-autista.png",1920,1080,false]},"rttpg_author":{"display_name":"enzodelahoz1988","author_link":"https:\/\/elconquistadorredloslagos.cl\/test\/blog\/author\/enzodelahoz1988\/"},"rttpg_comment":0,"rttpg_category":"<a href=\"https:\/\/elconquistadorredloslagos.cl\/test\/blog\/category\/actual\/\" rel=\"category tag\">Actualidad<\/a> <a href=\"https:\/\/elconquistadorredloslagos.cl\/test\/blog\/category\/chile\/lago-llanquihue\/\" rel=\"category tag\">Lago LLanquihue<\/a>","rttpg_excerpt":"Iniciativa beneficiar\u00e1 a cerca de 60 familias de la comuna que reciben apoyo a trav\u00e9s de la Casa TEA En el marco de una reuni\u00f3n con los concejales Luis Millaqu\u00e9n,..","_links":{"self":[{"href":"https:\/\/elconquistadorredloslagos.cl\/test\/wp-json\/wp\/v2\/posts\/11826","targetHints":{"allow":["GET"]}}],"collection":[{"href":"https:\/\/elconquistadorredloslagos.cl\/test\/wp-json\/wp\/v2\/posts"}],"about":[{"href":"https:\/\/elconquistadorredloslagos.cl\/test\/wp-json\/wp\/v2\/types\/post"}],"author":[{"embeddable":true,"href":"https:\/\/elconquistadorredloslagos.cl\/test\/wp-json\/wp\/v2\/users\/7"}],"replies":[{"embeddable":true,"href":"https:\/\/elconquistadorredloslagos.cl\/test\/wp-json\/wp\/v2\/comments?post=11826"}],"version-history":[{"count":1,"href":"https:\/\/elconquistadorredloslagos.cl\/test\/wp-json\/wp\/v2\/posts\/11826\/revisions"}],"predecessor-version":[{"id":11834,"href":"https:\/\/elconquistadorredloslagos.cl\/test\/wp-json\/wp\/v2\/posts\/11826\/revisions\/11834"}],"wp:featuredmedia":[{"embeddable":true,"href":"https:\/\/elconquistadorredloslagos.cl\/test\/wp-json\/wp\/v2\/media\/11830"}],"wp:attachment":[{"href":"https:\/\/elconquistadorredloslagos.cl\/test\/wp-json\/wp\/v2\/media?parent=11826"}],"wp:term":[{"taxonomy":"category","embeddable":true,"href":"https:\/\/elconquistadorredloslagos.cl\/test\/wp-json\/wp\/v2\/categories?post=11826"},{"taxonomy":"post_tag","embeddable":true,"href":"https:\/\/elconquistadorredloslagos.cl\/test\/wp-json\/wp\/v2\/tags?post=11826"}],"curies":[{"name":"wp","href":"https:\/\/api.w.org\/{rel}","templated":true}]}}