{"id":11825,"date":"2025-06-30T13:19:35","date_gmt":"2025-06-30T17:19:35","guid":{"rendered":"https:\/\/elconquistadorredloslagos.cl\/test\/?p=11825"},"modified":"2025-06-30T13:19:36","modified_gmt":"2025-06-30T17:19:36","slug":"jeanette-jara-arraso-en-los-lagos-y-se-perfila-como-carta-presidencial-del-oficialismo","status":"publish","type":"post","link":"https:\/\/elconquistadorredloslagos.cl\/test\/blog\/2025\/06\/30\/jeanette-jara-arraso-en-los-lagos-y-se-perfila-como-carta-presidencial-del-oficialismo\/","title":{"rendered":"Jeanette Jara arras\u00f3 en Los Lagos y se perfila como carta presidencial del oficialismo"},"content":{"rendered":"\n<p>La jornada de primarias oficialistas dej\u00f3 a la exministra del Trabajo, Jeannette Jara (Partido Comunista) como la gran vencedora en la Regi\u00f3n de Los Lagos, donde se impuso con holgura en la contienda que defini\u00f3 al abanderado del pacto \u00abUnidad por Chile\u00bb de cara a las elecciones presidenciales de 2025.<\/p>\n\n\n\n<p>Seg\u00fan el informe oficial entregado por el Servicio Electoral (SERVEL), con el 100% de las mesas escrutadas en la regi\u00f3n se contabilizaron 48 mil 977 sufragios, de los cuales 46 mil 629 fueron v\u00e1lidos. A estos se sumaron 1.609 votos nulos y 739 en blanco.<\/p>\n\n\n\n<p>Jara obtuvo 28 mil 622 preferencias, equivalentes al 61,38% del total regional, marcando una diferencia significativa frente a sus contendores. En segundo lugar qued\u00f3 la ministra del Interior Carolina Toh\u00e1 (PPD), con 12.652 votos y un 27,13%. M\u00e1s atr\u00e1s se ubicaron Gonzalo Winter (Frente Amplio), con 4.090 sufragios (8,77%), y Jaime Mulet (Federaci\u00f3n Regionalista Verde Social), con 1.265 papeletas (2,71%).<\/p>\n\n\n\n<p>Desde el Gobierno, la delegada presidencial Paulina Mu\u00f1oz destac\u00f3 el normal desarrollo del proceso electoral en la zona, se\u00f1alando que la jornada transcurri\u00f3 con orden y sin incidentes relevantes.<\/p>\n\n\n\n<figure class=\"wp-block-audio\"><audio controls src=\"https:\/\/elconquistadorredloslagos.cl\/test\/wp-content\/uploads\/2025\/06\/30-CUNA-PAULINA-MUNOZ.mp3\"><\/audio><\/figure>\n\n\n\n<p>Con este resultado la candidata comunista se consolida como la figura predominante del oficialismo y da un paso firme hacia la disputa presidencial, fortalecida por un respaldo significativo en una regi\u00f3n clave del sur del pa\u00eds.<\/p>\n\n\n\n<p><\/p>\n","protected":false},"excerpt":{"rendered":"<p>La jornada de primarias oficialistas dej\u00f3 a la exministra del Trabajo, Jeannette Jara (Partido Comunista) como la gran vencedora en la Regi\u00f3n de Los Lagos, donde se impuso con holgura..<\/p>\n","protected":false},"author":2,"featured_media":11828,"comment_status":"closed","ping_status":"open","sticky":false,"template":"","format":"standard","meta":{"footnotes":""},"categories":[1,28,51,54,52,55,38,56],"tags":[],"class_list":["post-11825","post","type-post","status-publish","format-standard","has-post-thumbnail","hentry","category-acontecer","category-actual","category-chiloe","category-lago-llanquihue","category-chile","category-osorno","category-politica","category-puerto-montt"],"rttpg_featured_image_url":{"full":["https:\/\/elconquistadorredloslagos.cl\/test\/wp-content\/uploads\/2025\/06\/Sin-titulo-1-2.jpg",1920,1080,false],"landscape":["https:\/\/elconquistadorredloslagos.cl\/test\/wp-content\/uploads\/2025\/06\/Sin-titulo-1-2.jpg",1920,1080,false],"portraits":["https:\/\/elconquistadorredloslagos.cl\/test\/wp-content\/uploads\/2025\/06\/Sin-titulo-1-2.jpg",1920,1080,false],"thumbnail":["https:\/\/elconquistadorredloslagos.cl\/test\/wp-content\/uploads\/2025\/06\/Sin-titulo-1-2-150x150.jpg",150,150,true],"medium":["https:\/\/elconquistadorredloslagos.cl\/test\/wp-content\/uploads\/2025\/06\/Sin-titulo-1-2-300x169.jpg",300,169,true],"large":["https:\/\/elconquistadorredloslagos.cl\/test\/wp-content\/uploads\/2025\/06\/Sin-titulo-1-2-1024x576.jpg",1024,576,true],"1536x1536":["https:\/\/elconquistadorredloslagos.cl\/test\/wp-content\/uploads\/2025\/06\/Sin-titulo-1-2-1536x864.jpg",1536,864,true],"2048x2048":["https:\/\/elconquistadorredloslagos.cl\/test\/wp-content\/uploads\/2025\/06\/Sin-titulo-1-2.jpg",1920,1080,false]},"rttpg_author":{"display_name":"ccardenas","author_link":"https:\/\/elconquistadorredloslagos.cl\/test\/blog\/author\/ccardenas\/"},"rttpg_comment":0,"rttpg_category":"<a href=\"https:\/\/elconquistadorredloslagos.cl\/test\/blog\/category\/actual\/acontecer\/\" rel=\"category tag\">Acontecer<\/a> <a href=\"https:\/\/elconquistadorredloslagos.cl\/test\/blog\/category\/actual\/\" rel=\"category tag\">Actualidad<\/a> <a href=\"https:\/\/elconquistadorredloslagos.cl\/test\/blog\/category\/chile\/chiloe\/\" rel=\"category tag\">Chilo\u00e9<\/a> <a href=\"https:\/\/elconquistadorredloslagos.cl\/test\/blog\/category\/chile\/lago-llanquihue\/\" rel=\"category tag\">Lago LLanquihue<\/a> <a href=\"https:\/\/elconquistadorredloslagos.cl\/test\/blog\/category\/chile\/\" rel=\"category tag\">Nacional<\/a> <a href=\"https:\/\/elconquistadorredloslagos.cl\/test\/blog\/category\/chile\/osorno\/\" rel=\"category tag\">Osorno<\/a> <a href=\"https:\/\/elconquistadorredloslagos.cl\/test\/blog\/category\/actual\/politica\/\" rel=\"category tag\">Politica<\/a> <a href=\"https:\/\/elconquistadorredloslagos.cl\/test\/blog\/category\/chile\/puerto-montt\/\" rel=\"category tag\">Puerto Montt<\/a>","rttpg_excerpt":"La jornada de primarias oficialistas dej\u00f3 a la exministra del Trabajo, Jeannette Jara (Partido Comunista) como la gran vencedora en la Regi\u00f3n de Los Lagos, donde se impuso con holgura..","_links":{"self":[{"href":"https:\/\/elconquistadorredloslagos.cl\/test\/wp-json\/wp\/v2\/posts\/11825","targetHints":{"allow":["GET"]}}],"collection":[{"href":"https:\/\/elconquistadorredloslagos.cl\/test\/wp-json\/wp\/v2\/posts"}],"about":[{"href":"https:\/\/elconquistadorredloslagos.cl\/test\/wp-json\/wp\/v2\/types\/post"}],"author":[{"embeddable":true,"href":"https:\/\/elconquistadorredloslagos.cl\/test\/wp-json\/wp\/v2\/users\/2"}],"replies":[{"embeddable":true,"href":"https:\/\/elconquistadorredloslagos.cl\/test\/wp-json\/wp\/v2\/comments?post=11825"}],"version-history":[{"count":1,"href":"https:\/\/elconquistadorredloslagos.cl\/test\/wp-json\/wp\/v2\/posts\/11825\/revisions"}],"predecessor-version":[{"id":11829,"href":"https:\/\/elconquistadorredloslagos.cl\/test\/wp-json\/wp\/v2\/posts\/11825\/revisions\/11829"}],"wp:featuredmedia":[{"embeddable":true,"href":"https:\/\/elconquistadorredloslagos.cl\/test\/wp-json\/wp\/v2\/media\/11828"}],"wp:attachment":[{"href":"https:\/\/elconquistadorredloslagos.cl\/test\/wp-json\/wp\/v2\/media?parent=11825"}],"wp:term":[{"taxonomy":"category","embeddable":true,"href":"https:\/\/elconquistadorredloslagos.cl\/test\/wp-json\/wp\/v2\/categories?post=11825"},{"taxonomy":"post_tag","embeddable":true,"href":"https:\/\/elconquistadorredloslagos.cl\/test\/wp-json\/wp\/v2\/tags?post=11825"}],"curies":[{"name":"wp","href":"https:\/\/api.w.org\/{rel}","templated":true}]}}