{"id":11818,"date":"2025-06-30T13:13:04","date_gmt":"2025-06-30T17:13:04","guid":{"rendered":"https:\/\/elconquistadorredloslagos.cl\/test\/?p=11818"},"modified":"2025-06-30T13:19:53","modified_gmt":"2025-06-30T17:19:53","slug":"frio-congelo-elecciones-primarias-en-chiloe","status":"publish","type":"post","link":"https:\/\/elconquistadorredloslagos.cl\/test\/blog\/2025\/06\/30\/frio-congelo-elecciones-primarias-en-chiloe\/","title":{"rendered":"Fr\u00edo congel\u00f3 elecciones primarias en Chilo\u00e9"},"content":{"rendered":"\n<p>La jornada de primarias del pacto oficialista \u201cUnidad por Chile\u201d realizada este domingo en la provincia de Chilo\u00e9, estuvo marcada por una escasa concurrencia y temperaturas bajo cero. Solo un 5% de las personas habilitadas para votar acudi\u00f3 a las urnas, reflejando un bajo inter\u00e9s en este proceso.<\/p>\n\n\n\n<p>En Castro, la instalaci\u00f3n de mesas electorales fue lenta debido al fr\u00edo intenso, destacando la Escuela Pedro Vel\u00e1squez Bontes de Llau Llao como el \u00faltimo local en comenzar la votaci\u00f3n. A pesar de la baja participaci\u00f3n que sum\u00f3 8 mil 944 votos en toda la provincia, la candidata comunista Jeannette Jara se impuso con un respaldo del 65,4%, seguida por Carolina Toh\u00e1 (PPD) con 24,8%, Gonzalo Winter (Frente Amplio) con 7,9% y Jaime Mulet (Federaci\u00f3n Regionalista Verde Social) con 2,4%.<\/p>\n\n\n\n<p>El predominio de Jara se mantuvo en las comunas de Ancud y Chonchi, donde obtuvo un 67,1% y 65,1% respectivamente, superando ampliamente a sus competidores. En Curaco de V\u00e9lez y Dalcahue la tendencia fue similar, mientras que en Puqueld\u00f3n con solo 159 votantes, Jara alcanz\u00f3 un contundente 71%.<\/p>\n\n\n\n<p>El delegado presidencial provincial, Marcelo Malague\u00f1o, admiti\u00f3 que la elecci\u00f3n estuvo marcada por la lentitud en la constituci\u00f3n de mesas y una participaci\u00f3n \u201cmuy baja\u201d.<\/p>\n\n\n\n<figure class=\"wp-block-audio\"><audio controls src=\"https:\/\/elconquistadorredloslagos.cl\/test\/wp-content\/uploads\/2025\/06\/30-CUNA-MARCELO-MALAGUENO1.mp3\"><\/audio><\/figure>\n\n\n\n<p>La elecci\u00f3n presidencial de Chile para el per\u00edodo 2026-2030 se realizar\u00e1 el domingo 16 de noviembre de 2025, en paralelo con los comicios parlamentarios.<\/p>\n\n\n\n<p><\/p>\n\n\n\n<p><a href=\"https:\/\/lahora.cl\/cronica\/2025\/06\/29\/frio-polar-congelo-las-elecciones-primarias-dia-mas-helado-del-ano-ahuyento-a-votantes-de-las-urnas\/\"><\/a><\/p>\n\n\n\n<p><a href=\"https:\/\/lahora.cl\/cronica\/2025\/06\/29\/frio-polar-congelo-las-elecciones-primarias-dia-mas-helado-del-ano-ahuyento-a-votantes-de-las-urnas\/\"><\/a><\/p>\n\n\n\n<p><a href=\"https:\/\/lahora.cl\/cronica\/2025\/06\/29\/frio-polar-congelo-las-elecciones-primarias-dia-mas-helado-del-ano-ahuyento-a-votantes-de-las-urnas\/\"><\/a><\/p>\n","protected":false},"excerpt":{"rendered":"<p>La jornada de primarias del pacto oficialista \u201cUnidad por Chile\u201d realizada este domingo en la provincia de Chilo\u00e9, estuvo marcada por una escasa concurrencia y temperaturas bajo cero. Solo un..<\/p>\n","protected":false},"author":2,"featured_media":11823,"comment_status":"closed","ping_status":"open","sticky":false,"template":"","format":"standard","meta":{"footnotes":""},"categories":[1,28,51,52,38],"tags":[],"class_list":["post-11818","post","type-post","status-publish","format-standard","has-post-thumbnail","hentry","category-acontecer","category-actual","category-chiloe","category-chile","category-politica"],"rttpg_featured_image_url":{"full":["https:\/\/elconquistadorredloslagos.cl\/test\/wp-content\/uploads\/2025\/06\/Sin-titulo-1-1.jpg",1920,1080,false],"landscape":["https:\/\/elconquistadorredloslagos.cl\/test\/wp-content\/uploads\/2025\/06\/Sin-titulo-1-1.jpg",1920,1080,false],"portraits":["https:\/\/elconquistadorredloslagos.cl\/test\/wp-content\/uploads\/2025\/06\/Sin-titulo-1-1.jpg",1920,1080,false],"thumbnail":["https:\/\/elconquistadorredloslagos.cl\/test\/wp-content\/uploads\/2025\/06\/Sin-titulo-1-1-150x150.jpg",150,150,true],"medium":["https:\/\/elconquistadorredloslagos.cl\/test\/wp-content\/uploads\/2025\/06\/Sin-titulo-1-1-300x169.jpg",300,169,true],"large":["https:\/\/elconquistadorredloslagos.cl\/test\/wp-content\/uploads\/2025\/06\/Sin-titulo-1-1-1024x576.jpg",1024,576,true],"1536x1536":["https:\/\/elconquistadorredloslagos.cl\/test\/wp-content\/uploads\/2025\/06\/Sin-titulo-1-1-1536x864.jpg",1536,864,true],"2048x2048":["https:\/\/elconquistadorredloslagos.cl\/test\/wp-content\/uploads\/2025\/06\/Sin-titulo-1-1.jpg",1920,1080,false]},"rttpg_author":{"display_name":"ccardenas","author_link":"https:\/\/elconquistadorredloslagos.cl\/test\/blog\/author\/ccardenas\/"},"rttpg_comment":0,"rttpg_category":"<a href=\"https:\/\/elconquistadorredloslagos.cl\/test\/blog\/category\/actual\/acontecer\/\" rel=\"category tag\">Acontecer<\/a> <a href=\"https:\/\/elconquistadorredloslagos.cl\/test\/blog\/category\/actual\/\" rel=\"category tag\">Actualidad<\/a> <a href=\"https:\/\/elconquistadorredloslagos.cl\/test\/blog\/category\/chile\/chiloe\/\" rel=\"category tag\">Chilo\u00e9<\/a> <a href=\"https:\/\/elconquistadorredloslagos.cl\/test\/blog\/category\/chile\/\" rel=\"category tag\">Nacional<\/a> <a href=\"https:\/\/elconquistadorredloslagos.cl\/test\/blog\/category\/actual\/politica\/\" rel=\"category tag\">Politica<\/a>","rttpg_excerpt":"La jornada de primarias del pacto oficialista \u201cUnidad por Chile\u201d realizada este domingo en la provincia de Chilo\u00e9, estuvo marcada por una escasa concurrencia y temperaturas bajo cero. Solo un..","_links":{"self":[{"href":"https:\/\/elconquistadorredloslagos.cl\/test\/wp-json\/wp\/v2\/posts\/11818","targetHints":{"allow":["GET"]}}],"collection":[{"href":"https:\/\/elconquistadorredloslagos.cl\/test\/wp-json\/wp\/v2\/posts"}],"about":[{"href":"https:\/\/elconquistadorredloslagos.cl\/test\/wp-json\/wp\/v2\/types\/post"}],"author":[{"embeddable":true,"href":"https:\/\/elconquistadorredloslagos.cl\/test\/wp-json\/wp\/v2\/users\/2"}],"replies":[{"embeddable":true,"href":"https:\/\/elconquistadorredloslagos.cl\/test\/wp-json\/wp\/v2\/comments?post=11818"}],"version-history":[{"count":1,"href":"https:\/\/elconquistadorredloslagos.cl\/test\/wp-json\/wp\/v2\/posts\/11818\/revisions"}],"predecessor-version":[{"id":11824,"href":"https:\/\/elconquistadorredloslagos.cl\/test\/wp-json\/wp\/v2\/posts\/11818\/revisions\/11824"}],"wp:featuredmedia":[{"embeddable":true,"href":"https:\/\/elconquistadorredloslagos.cl\/test\/wp-json\/wp\/v2\/media\/11823"}],"wp:attachment":[{"href":"https:\/\/elconquistadorredloslagos.cl\/test\/wp-json\/wp\/v2\/media?parent=11818"}],"wp:term":[{"taxonomy":"category","embeddable":true,"href":"https:\/\/elconquistadorredloslagos.cl\/test\/wp-json\/wp\/v2\/categories?post=11818"},{"taxonomy":"post_tag","embeddable":true,"href":"https:\/\/elconquistadorredloslagos.cl\/test\/wp-json\/wp\/v2\/tags?post=11818"}],"curies":[{"name":"wp","href":"https:\/\/api.w.org\/{rel}","templated":true}]}}