{"id":11815,"date":"2025-06-30T12:54:37","date_gmt":"2025-06-30T16:54:37","guid":{"rendered":"https:\/\/elconquistadorredloslagos.cl\/test\/?p=11815"},"modified":"2025-06-30T12:54:37","modified_gmt":"2025-06-30T16:54:37","slug":"historica-ola-de-frio-congela-los-termometros-en-chiloe","status":"publish","type":"post","link":"https:\/\/elconquistadorredloslagos.cl\/test\/blog\/2025\/06\/30\/historica-ola-de-frio-congela-los-termometros-en-chiloe\/","title":{"rendered":"Hist\u00f3rica ola de fr\u00edo congela los term\u00f3metros en Chilo\u00e9"},"content":{"rendered":"\n<p>Una jornada helada y sin precedentes vivi\u00f3 Chilo\u00e9 este domingo 29 de mayo, cuando se registraron algunas de las temperaturas m\u00e1s bajas en la historia del archipi\u00e9lago. La estaci\u00f3n meteorol\u00f3gica del Aer\u00f3dromo Quell\u00f3n operada por la Direcci\u00f3n Meteorol\u00f3gica de Chile (DMC) anot\u00f3 -6,1\u00b0C a las 07.13 horas, superando su propio r\u00e9cord de -5,3\u00b0C de 2019.<\/p>\n\n\n\n<p>El recinto, ubicado a solo 13 metros sobre el nivel del mar en el sector Punta de Lapas, tambi\u00e9n destaca por su larga data de registros, iniciados en los a\u00f1os 50.<\/p>\n\n\n\n<p>No fue el \u00fanico r\u00e9cord. La estaci\u00f3n de Mocopulli (Dalcahue) marc\u00f3 -3,7\u00b0C, superando por una d\u00e9cima su m\u00ednima hist\u00f3rica de 2018.<\/p>\n\n\n\n<p>Por su parte, la red agrometeorol\u00f3gica del Instituto de Investigaciones Agropecuarias (INIA) report\u00f3 -6,1\u00b0C en Butalcura y -6\u00b0C en Quilquico (Castro), mientras que otras m\u00ednimas destacadas fueron -2,6\u00b0C en Tara (Chonchi), -1\u00b0C en Tena\u00fan y -3,4\u00b0C en Huyar Alto (isla Quinchao). El fr\u00edo se hizo sentir en casi toda la provincia.<\/p>\n\n\n\n<p><\/p>\n","protected":false},"excerpt":{"rendered":"<p>Una jornada helada y sin precedentes vivi\u00f3 Chilo\u00e9 este domingo 29 de mayo, cuando se registraron algunas de las temperaturas m\u00e1s bajas en la historia del archipi\u00e9lago. La estaci\u00f3n meteorol\u00f3gica..<\/p>\n","protected":false},"author":2,"featured_media":11816,"comment_status":"closed","ping_status":"open","sticky":false,"template":"","format":"standard","meta":{"footnotes":""},"categories":[1,28,51],"tags":[],"class_list":["post-11815","post","type-post","status-publish","format-standard","has-post-thumbnail","hentry","category-acontecer","category-actual","category-chiloe"],"rttpg_featured_image_url":{"full":["https:\/\/elconquistadorredloslagos.cl\/test\/wp-content\/uploads\/2025\/06\/Sin-titulo-1.jpg",1920,1080,false],"landscape":["https:\/\/elconquistadorredloslagos.cl\/test\/wp-content\/uploads\/2025\/06\/Sin-titulo-1.jpg",1920,1080,false],"portraits":["https:\/\/elconquistadorredloslagos.cl\/test\/wp-content\/uploads\/2025\/06\/Sin-titulo-1.jpg",1920,1080,false],"thumbnail":["https:\/\/elconquistadorredloslagos.cl\/test\/wp-content\/uploads\/2025\/06\/Sin-titulo-1-150x150.jpg",150,150,true],"medium":["https:\/\/elconquistadorredloslagos.cl\/test\/wp-content\/uploads\/2025\/06\/Sin-titulo-1-300x169.jpg",300,169,true],"large":["https:\/\/elconquistadorredloslagos.cl\/test\/wp-content\/uploads\/2025\/06\/Sin-titulo-1-1024x576.jpg",1024,576,true],"1536x1536":["https:\/\/elconquistadorredloslagos.cl\/test\/wp-content\/uploads\/2025\/06\/Sin-titulo-1-1536x864.jpg",1536,864,true],"2048x2048":["https:\/\/elconquistadorredloslagos.cl\/test\/wp-content\/uploads\/2025\/06\/Sin-titulo-1.jpg",1920,1080,false]},"rttpg_author":{"display_name":"ccardenas","author_link":"https:\/\/elconquistadorredloslagos.cl\/test\/blog\/author\/ccardenas\/"},"rttpg_comment":0,"rttpg_category":"<a href=\"https:\/\/elconquistadorredloslagos.cl\/test\/blog\/category\/actual\/acontecer\/\" rel=\"category tag\">Acontecer<\/a> <a href=\"https:\/\/elconquistadorredloslagos.cl\/test\/blog\/category\/actual\/\" rel=\"category tag\">Actualidad<\/a> <a href=\"https:\/\/elconquistadorredloslagos.cl\/test\/blog\/category\/chile\/chiloe\/\" rel=\"category tag\">Chilo\u00e9<\/a>","rttpg_excerpt":"Una jornada helada y sin precedentes vivi\u00f3 Chilo\u00e9 este domingo 29 de mayo, cuando se registraron algunas de las temperaturas m\u00e1s bajas en la historia del archipi\u00e9lago. La estaci\u00f3n meteorol\u00f3gica..","_links":{"self":[{"href":"https:\/\/elconquistadorredloslagos.cl\/test\/wp-json\/wp\/v2\/posts\/11815","targetHints":{"allow":["GET"]}}],"collection":[{"href":"https:\/\/elconquistadorredloslagos.cl\/test\/wp-json\/wp\/v2\/posts"}],"about":[{"href":"https:\/\/elconquistadorredloslagos.cl\/test\/wp-json\/wp\/v2\/types\/post"}],"author":[{"embeddable":true,"href":"https:\/\/elconquistadorredloslagos.cl\/test\/wp-json\/wp\/v2\/users\/2"}],"replies":[{"embeddable":true,"href":"https:\/\/elconquistadorredloslagos.cl\/test\/wp-json\/wp\/v2\/comments?post=11815"}],"version-history":[{"count":1,"href":"https:\/\/elconquistadorredloslagos.cl\/test\/wp-json\/wp\/v2\/posts\/11815\/revisions"}],"predecessor-version":[{"id":11817,"href":"https:\/\/elconquistadorredloslagos.cl\/test\/wp-json\/wp\/v2\/posts\/11815\/revisions\/11817"}],"wp:featuredmedia":[{"embeddable":true,"href":"https:\/\/elconquistadorredloslagos.cl\/test\/wp-json\/wp\/v2\/media\/11816"}],"wp:attachment":[{"href":"https:\/\/elconquistadorredloslagos.cl\/test\/wp-json\/wp\/v2\/media?parent=11815"}],"wp:term":[{"taxonomy":"category","embeddable":true,"href":"https:\/\/elconquistadorredloslagos.cl\/test\/wp-json\/wp\/v2\/categories?post=11815"},{"taxonomy":"post_tag","embeddable":true,"href":"https:\/\/elconquistadorredloslagos.cl\/test\/wp-json\/wp\/v2\/tags?post=11815"}],"curies":[{"name":"wp","href":"https:\/\/api.w.org\/{rel}","templated":true}]}}