{"id":11809,"date":"2025-06-29T20:09:00","date_gmt":"2025-06-30T00:09:00","guid":{"rendered":"https:\/\/elconquistadorredloslagos.cl\/test\/?p=11809"},"modified":"2025-06-29T20:09:01","modified_gmt":"2025-06-30T00:09:01","slug":"jeannette-jara-arrasa-en-primarias-y-sera-la-carta-presidencial-del-oficialismo","status":"publish","type":"post","link":"https:\/\/elconquistadorredloslagos.cl\/test\/blog\/2025\/06\/29\/jeannette-jara-arrasa-en-primarias-y-sera-la-carta-presidencial-del-oficialismo\/","title":{"rendered":"Jeannette Jara arrasa en primarias y ser\u00e1 la carta presidencial del oficialismo"},"content":{"rendered":"\n<p>Con una amplia ventaja, Jeannette Jara se consolid\u00f3 como la candidata presidencial de Unidad por Chile, tras imponerse en las primarias del bloque con cerca del 60% de los votos, seg\u00fan cifras preliminares del Servel con poco m\u00e1s del 98% de las mesas escrutadas. <\/p>\n\n\n\n<p>La exministra del Trabajo super\u00f3 c\u00f3modamente a Carolina Toh\u00e1 (27%), Gonzalo Winter (9%) y Jaime Mullet (3%).Desde el inicio del conteo, la representante del Partido Comunista mostr\u00f3 una ventaja irremontable en m\u00faltiples centros de votaci\u00f3n. <\/p>\n\n\n\n<p>Su nombre ahora se suma a la papeleta del 16 de noviembre, junto a Jos\u00e9 Antonio Kast, Johannes Kaiser y Evelyn Matthei, entre otros que eventualmente se ir\u00edan sumando.<\/p>\n\n\n\n<p>Los dem\u00e1s postulantes reconocieron su derrota:<\/p>\n\n\n\n<p>Winter valor\u00f3 la unidad del oficialismo, destacando que \u201cJeannette contar\u00e1 con todo el respaldo del Frente Amplio\u201d. <\/p>\n\n\n\n<p>Toh\u00e1, en tanto, calific\u00f3 los resultados como \u201ctristes y decepcionantes\u201d, pero reafirm\u00f3 su compromiso con el pacto.<\/p>\n\n\n\n<p>Pese al triunfo, los desaf\u00edos de Jara no son menores. La \u00faltima encuesta Cadem proyecta que ser\u00eda derrotada en segunda vuelta por Matthei, Kast o Parisi. Solo frente a Kaiser aparece como favorita, con 37% frente al 31% del candidato libertario.<\/p>\n\n\n\n<p><\/p>\n","protected":false},"excerpt":{"rendered":"<p>Con una amplia ventaja, Jeannette Jara se consolid\u00f3 como la candidata presidencial de Unidad por Chile, tras imponerse en las primarias del bloque con cerca del 60% de los votos,..<\/p>\n","protected":false},"author":2,"featured_media":11810,"comment_status":"closed","ping_status":"open","sticky":false,"template":"","format":"standard","meta":{"footnotes":""},"categories":[1,28,52],"tags":[],"class_list":["post-11809","post","type-post","status-publish","format-standard","has-post-thumbnail","hentry","category-acontecer","category-actual","category-chile"],"rttpg_featured_image_url":{"full":["https:\/\/elconquistadorredloslagos.cl\/test\/wp-content\/uploads\/2025\/06\/Diseno-sin-titulo_20250629_200634_0000.jpg",1920,1080,false],"landscape":["https:\/\/elconquistadorredloslagos.cl\/test\/wp-content\/uploads\/2025\/06\/Diseno-sin-titulo_20250629_200634_0000.jpg",1920,1080,false],"portraits":["https:\/\/elconquistadorredloslagos.cl\/test\/wp-content\/uploads\/2025\/06\/Diseno-sin-titulo_20250629_200634_0000.jpg",1920,1080,false],"thumbnail":["https:\/\/elconquistadorredloslagos.cl\/test\/wp-content\/uploads\/2025\/06\/Diseno-sin-titulo_20250629_200634_0000-150x150.jpg",150,150,true],"medium":["https:\/\/elconquistadorredloslagos.cl\/test\/wp-content\/uploads\/2025\/06\/Diseno-sin-titulo_20250629_200634_0000-300x169.jpg",300,169,true],"large":["https:\/\/elconquistadorredloslagos.cl\/test\/wp-content\/uploads\/2025\/06\/Diseno-sin-titulo_20250629_200634_0000-1024x576.jpg",1024,576,true],"1536x1536":["https:\/\/elconquistadorredloslagos.cl\/test\/wp-content\/uploads\/2025\/06\/Diseno-sin-titulo_20250629_200634_0000-1536x864.jpg",1536,864,true],"2048x2048":["https:\/\/elconquistadorredloslagos.cl\/test\/wp-content\/uploads\/2025\/06\/Diseno-sin-titulo_20250629_200634_0000.jpg",1920,1080,false]},"rttpg_author":{"display_name":"ccardenas","author_link":"https:\/\/elconquistadorredloslagos.cl\/test\/blog\/author\/ccardenas\/"},"rttpg_comment":0,"rttpg_category":"<a href=\"https:\/\/elconquistadorredloslagos.cl\/test\/blog\/category\/actual\/acontecer\/\" rel=\"category tag\">Acontecer<\/a> <a href=\"https:\/\/elconquistadorredloslagos.cl\/test\/blog\/category\/actual\/\" rel=\"category tag\">Actualidad<\/a> <a href=\"https:\/\/elconquistadorredloslagos.cl\/test\/blog\/category\/chile\/\" rel=\"category tag\">Nacional<\/a>","rttpg_excerpt":"Con una amplia ventaja, Jeannette Jara se consolid\u00f3 como la candidata presidencial de Unidad por Chile, tras imponerse en las primarias del bloque con cerca del 60% de los votos,..","_links":{"self":[{"href":"https:\/\/elconquistadorredloslagos.cl\/test\/wp-json\/wp\/v2\/posts\/11809","targetHints":{"allow":["GET"]}}],"collection":[{"href":"https:\/\/elconquistadorredloslagos.cl\/test\/wp-json\/wp\/v2\/posts"}],"about":[{"href":"https:\/\/elconquistadorredloslagos.cl\/test\/wp-json\/wp\/v2\/types\/post"}],"author":[{"embeddable":true,"href":"https:\/\/elconquistadorredloslagos.cl\/test\/wp-json\/wp\/v2\/users\/2"}],"replies":[{"embeddable":true,"href":"https:\/\/elconquistadorredloslagos.cl\/test\/wp-json\/wp\/v2\/comments?post=11809"}],"version-history":[{"count":1,"href":"https:\/\/elconquistadorredloslagos.cl\/test\/wp-json\/wp\/v2\/posts\/11809\/revisions"}],"predecessor-version":[{"id":11811,"href":"https:\/\/elconquistadorredloslagos.cl\/test\/wp-json\/wp\/v2\/posts\/11809\/revisions\/11811"}],"wp:featuredmedia":[{"embeddable":true,"href":"https:\/\/elconquistadorredloslagos.cl\/test\/wp-json\/wp\/v2\/media\/11810"}],"wp:attachment":[{"href":"https:\/\/elconquistadorredloslagos.cl\/test\/wp-json\/wp\/v2\/media?parent=11809"}],"wp:term":[{"taxonomy":"category","embeddable":true,"href":"https:\/\/elconquistadorredloslagos.cl\/test\/wp-json\/wp\/v2\/categories?post=11809"},{"taxonomy":"post_tag","embeddable":true,"href":"https:\/\/elconquistadorredloslagos.cl\/test\/wp-json\/wp\/v2\/tags?post=11809"}],"curies":[{"name":"wp","href":"https:\/\/api.w.org\/{rel}","templated":true}]}}