{"id":11806,"date":"2025-06-27T19:12:24","date_gmt":"2025-06-27T23:12:24","guid":{"rendered":"https:\/\/elconquistadorredloslagos.cl\/test\/?p=11806"},"modified":"2025-06-27T19:12:25","modified_gmt":"2025-06-27T23:12:25","slug":"osorno-avanza-en-plan-para-eliminar-cables-en-desuso-de-sus-calles","status":"publish","type":"post","link":"https:\/\/elconquistadorredloslagos.cl\/test\/blog\/2025\/06\/27\/osorno-avanza-en-plan-para-eliminar-cables-en-desuso-de-sus-calles\/","title":{"rendered":"Osorno avanza en plan para eliminar cables en desuso de sus calles"},"content":{"rendered":"\n<p>Los cables abandonados que cuelgan en las calles de Osorno no solo afectan la est\u00e9tica urbana, sino que tambi\u00e9n representan un riesgo, especialmente durante el invierno y en episodios de fuertes vientos. Esta situaci\u00f3n ha motivado una acci\u00f3n conjunta entre autoridades y empresas del sector.<\/p>\n\n\n\n<p>El alcalde Jaime Bert\u00edn encabez\u00f3 una reuni\u00f3n con representantes de la empresa el\u00e9ctrica local y compa\u00f1\u00edas de telecomunicaciones para coordinar el retiro progresivo de estos cables, siguiendo la nueva normativa legal vigente. Durante el encuentro, se acord\u00f3 comenzar con el retiro en un per\u00edmetro que a\u00fan est\u00e1 por definirse.<\/p>\n\n\n\n<p>Se destac\u00f3 la buena disposici\u00f3n de todas las partes involucradas y explic\u00f3 que, si bien las compa\u00f1\u00edas de telecomunicaciones utilizan la infraestructura, la postaci\u00f3n pertenece a la empresa el\u00e9ctrica, responsable de su gesti\u00f3n.<\/p>\n\n\n\n<p>\ud83d\udcf7 Referencial<\/p>\n","protected":false},"excerpt":{"rendered":"<p>Los cables abandonados que cuelgan en las calles de Osorno no solo afectan la est\u00e9tica urbana, sino que tambi\u00e9n representan un riesgo, especialmente durante el invierno y en episodios de..<\/p>\n","protected":false},"author":2,"featured_media":11807,"comment_status":"closed","ping_status":"open","sticky":false,"template":"","format":"standard","meta":{"footnotes":""},"categories":[1,28,55],"tags":[],"class_list":["post-11806","post","type-post","status-publish","format-standard","has-post-thumbnail","hentry","category-acontecer","category-actual","category-osorno"],"rttpg_featured_image_url":{"full":["https:\/\/elconquistadorredloslagos.cl\/test\/wp-content\/uploads\/2025\/06\/Diseno-sin-titulo-48.jpg",1920,1080,false],"landscape":["https:\/\/elconquistadorredloslagos.cl\/test\/wp-content\/uploads\/2025\/06\/Diseno-sin-titulo-48.jpg",1920,1080,false],"portraits":["https:\/\/elconquistadorredloslagos.cl\/test\/wp-content\/uploads\/2025\/06\/Diseno-sin-titulo-48.jpg",1920,1080,false],"thumbnail":["https:\/\/elconquistadorredloslagos.cl\/test\/wp-content\/uploads\/2025\/06\/Diseno-sin-titulo-48-150x150.jpg",150,150,true],"medium":["https:\/\/elconquistadorredloslagos.cl\/test\/wp-content\/uploads\/2025\/06\/Diseno-sin-titulo-48-300x169.jpg",300,169,true],"large":["https:\/\/elconquistadorredloslagos.cl\/test\/wp-content\/uploads\/2025\/06\/Diseno-sin-titulo-48-1024x576.jpg",1024,576,true],"1536x1536":["https:\/\/elconquistadorredloslagos.cl\/test\/wp-content\/uploads\/2025\/06\/Diseno-sin-titulo-48-1536x864.jpg",1536,864,true],"2048x2048":["https:\/\/elconquistadorredloslagos.cl\/test\/wp-content\/uploads\/2025\/06\/Diseno-sin-titulo-48.jpg",1920,1080,false]},"rttpg_author":{"display_name":"ccardenas","author_link":"https:\/\/elconquistadorredloslagos.cl\/test\/blog\/author\/ccardenas\/"},"rttpg_comment":0,"rttpg_category":"<a href=\"https:\/\/elconquistadorredloslagos.cl\/test\/blog\/category\/actual\/acontecer\/\" rel=\"category tag\">Acontecer<\/a> <a href=\"https:\/\/elconquistadorredloslagos.cl\/test\/blog\/category\/actual\/\" rel=\"category tag\">Actualidad<\/a> <a href=\"https:\/\/elconquistadorredloslagos.cl\/test\/blog\/category\/chile\/osorno\/\" rel=\"category tag\">Osorno<\/a>","rttpg_excerpt":"Los cables abandonados que cuelgan en las calles de Osorno no solo afectan la est\u00e9tica urbana, sino que tambi\u00e9n representan un riesgo, especialmente durante el invierno y en episodios de..","_links":{"self":[{"href":"https:\/\/elconquistadorredloslagos.cl\/test\/wp-json\/wp\/v2\/posts\/11806","targetHints":{"allow":["GET"]}}],"collection":[{"href":"https:\/\/elconquistadorredloslagos.cl\/test\/wp-json\/wp\/v2\/posts"}],"about":[{"href":"https:\/\/elconquistadorredloslagos.cl\/test\/wp-json\/wp\/v2\/types\/post"}],"author":[{"embeddable":true,"href":"https:\/\/elconquistadorredloslagos.cl\/test\/wp-json\/wp\/v2\/users\/2"}],"replies":[{"embeddable":true,"href":"https:\/\/elconquistadorredloslagos.cl\/test\/wp-json\/wp\/v2\/comments?post=11806"}],"version-history":[{"count":1,"href":"https:\/\/elconquistadorredloslagos.cl\/test\/wp-json\/wp\/v2\/posts\/11806\/revisions"}],"predecessor-version":[{"id":11808,"href":"https:\/\/elconquistadorredloslagos.cl\/test\/wp-json\/wp\/v2\/posts\/11806\/revisions\/11808"}],"wp:featuredmedia":[{"embeddable":true,"href":"https:\/\/elconquistadorredloslagos.cl\/test\/wp-json\/wp\/v2\/media\/11807"}],"wp:attachment":[{"href":"https:\/\/elconquistadorredloslagos.cl\/test\/wp-json\/wp\/v2\/media?parent=11806"}],"wp:term":[{"taxonomy":"category","embeddable":true,"href":"https:\/\/elconquistadorredloslagos.cl\/test\/wp-json\/wp\/v2\/categories?post=11806"},{"taxonomy":"post_tag","embeddable":true,"href":"https:\/\/elconquistadorredloslagos.cl\/test\/wp-json\/wp\/v2\/tags?post=11806"}],"curies":[{"name":"wp","href":"https:\/\/api.w.org\/{rel}","templated":true}]}}