{"id":11803,"date":"2025-06-27T19:07:35","date_gmt":"2025-06-27T23:07:35","guid":{"rendered":"https:\/\/elconquistadorredloslagos.cl\/test\/?p=11803"},"modified":"2025-06-27T19:07:35","modified_gmt":"2025-06-27T23:07:35","slug":"nacional-direccion-del-trabajo-difunde-derechos-laborales-imperantes-en-elecciones-primarias","status":"publish","type":"post","link":"https:\/\/elconquistadorredloslagos.cl\/test\/blog\/2025\/06\/27\/nacional-direccion-del-trabajo-difunde-derechos-laborales-imperantes-en-elecciones-primarias\/","title":{"rendered":"NACIONAL: Direcci\u00f3n del Trabajo difunde derechos laborales imperantes en Elecciones Primarias"},"content":{"rendered":"\n<p>A d\u00edas de las elecciones primarias voluntarias del pacto Unidad por Chile, el Gobierno llam\u00f3 a respetar los derechos laborales establecidos para este domingo 29 de junio. El ministro del Trabajo, Giorgio Boccardo, junto al director del Trabajo, Pablo Zenteno, recalcaron el car\u00e1cter de feriado legal para parte del comercio.<\/p>\n\n\n\n<p>Seg\u00fan detallaron, los centros comerciales y strip centers administrados por una misma raz\u00f3n social deber\u00e1n cerrar durante la jornada electoral. La medida rige desde las 21.00 horas del s\u00e1bado hasta las 06.00 del lunes. El resto del comercio, como supermercados y tiendas independientes, podr\u00e1 operar con normalidad.<\/p>\n\n\n\n<p>Asimismo, los trabajadores que deban cumplir funciones ese d\u00eda podr\u00e1n ejercer su derecho a voto. Para ello la ley garantiza un permiso m\u00ednimo de tres horas. En el caso de vocales de mesa, miembros de colegios escrutadores o delegados de la Junta Electoral, el permiso se extiende durante todo el tiempo que dure su labor con goce de sueldo.<\/p>\n\n\n\n<p>La Direcci\u00f3n del Trabajo fiscalizar\u00e1 el cumplimiento de estas normas y recibir\u00e1 denuncias este domingo entre las 09.00 y 14.00 horas al 600 450 4000. Las multas por infracciones pueden alcanzar hasta 60 UTM, seg\u00fan el tama\u00f1o de la empresa.<\/p>\n","protected":false},"excerpt":{"rendered":"<p>A d\u00edas de las elecciones primarias voluntarias del pacto Unidad por Chile, el Gobierno llam\u00f3 a respetar los derechos laborales establecidos para este domingo 29 de junio. El ministro del..<\/p>\n","protected":false},"author":2,"featured_media":11804,"comment_status":"closed","ping_status":"open","sticky":false,"template":"","format":"standard","meta":{"footnotes":""},"categories":[1,28,52],"tags":[],"class_list":["post-11803","post","type-post","status-publish","format-standard","has-post-thumbnail","hentry","category-acontecer","category-actual","category-chile"],"rttpg_featured_image_url":{"full":["https:\/\/elconquistadorredloslagos.cl\/test\/wp-content\/uploads\/2025\/06\/Diseno-sin-titulo-47.jpg",1920,1080,false],"landscape":["https:\/\/elconquistadorredloslagos.cl\/test\/wp-content\/uploads\/2025\/06\/Diseno-sin-titulo-47.jpg",1920,1080,false],"portraits":["https:\/\/elconquistadorredloslagos.cl\/test\/wp-content\/uploads\/2025\/06\/Diseno-sin-titulo-47.jpg",1920,1080,false],"thumbnail":["https:\/\/elconquistadorredloslagos.cl\/test\/wp-content\/uploads\/2025\/06\/Diseno-sin-titulo-47-150x150.jpg",150,150,true],"medium":["https:\/\/elconquistadorredloslagos.cl\/test\/wp-content\/uploads\/2025\/06\/Diseno-sin-titulo-47-300x169.jpg",300,169,true],"large":["https:\/\/elconquistadorredloslagos.cl\/test\/wp-content\/uploads\/2025\/06\/Diseno-sin-titulo-47-1024x576.jpg",1024,576,true],"1536x1536":["https:\/\/elconquistadorredloslagos.cl\/test\/wp-content\/uploads\/2025\/06\/Diseno-sin-titulo-47-1536x864.jpg",1536,864,true],"2048x2048":["https:\/\/elconquistadorredloslagos.cl\/test\/wp-content\/uploads\/2025\/06\/Diseno-sin-titulo-47.jpg",1920,1080,false]},"rttpg_author":{"display_name":"ccardenas","author_link":"https:\/\/elconquistadorredloslagos.cl\/test\/blog\/author\/ccardenas\/"},"rttpg_comment":0,"rttpg_category":"<a href=\"https:\/\/elconquistadorredloslagos.cl\/test\/blog\/category\/actual\/acontecer\/\" rel=\"category tag\">Acontecer<\/a> <a href=\"https:\/\/elconquistadorredloslagos.cl\/test\/blog\/category\/actual\/\" rel=\"category tag\">Actualidad<\/a> <a href=\"https:\/\/elconquistadorredloslagos.cl\/test\/blog\/category\/chile\/\" rel=\"category tag\">Nacional<\/a>","rttpg_excerpt":"A d\u00edas de las elecciones primarias voluntarias del pacto Unidad por Chile, el Gobierno llam\u00f3 a respetar los derechos laborales establecidos para este domingo 29 de junio. El ministro del..","_links":{"self":[{"href":"https:\/\/elconquistadorredloslagos.cl\/test\/wp-json\/wp\/v2\/posts\/11803","targetHints":{"allow":["GET"]}}],"collection":[{"href":"https:\/\/elconquistadorredloslagos.cl\/test\/wp-json\/wp\/v2\/posts"}],"about":[{"href":"https:\/\/elconquistadorredloslagos.cl\/test\/wp-json\/wp\/v2\/types\/post"}],"author":[{"embeddable":true,"href":"https:\/\/elconquistadorredloslagos.cl\/test\/wp-json\/wp\/v2\/users\/2"}],"replies":[{"embeddable":true,"href":"https:\/\/elconquistadorredloslagos.cl\/test\/wp-json\/wp\/v2\/comments?post=11803"}],"version-history":[{"count":1,"href":"https:\/\/elconquistadorredloslagos.cl\/test\/wp-json\/wp\/v2\/posts\/11803\/revisions"}],"predecessor-version":[{"id":11805,"href":"https:\/\/elconquistadorredloslagos.cl\/test\/wp-json\/wp\/v2\/posts\/11803\/revisions\/11805"}],"wp:featuredmedia":[{"embeddable":true,"href":"https:\/\/elconquistadorredloslagos.cl\/test\/wp-json\/wp\/v2\/media\/11804"}],"wp:attachment":[{"href":"https:\/\/elconquistadorredloslagos.cl\/test\/wp-json\/wp\/v2\/media?parent=11803"}],"wp:term":[{"taxonomy":"category","embeddable":true,"href":"https:\/\/elconquistadorredloslagos.cl\/test\/wp-json\/wp\/v2\/categories?post=11803"},{"taxonomy":"post_tag","embeddable":true,"href":"https:\/\/elconquistadorredloslagos.cl\/test\/wp-json\/wp\/v2\/tags?post=11803"}],"curies":[{"name":"wp","href":"https:\/\/api.w.org\/{rel}","templated":true}]}}