{"id":11795,"date":"2025-06-27T18:49:39","date_gmt":"2025-06-27T22:49:39","guid":{"rendered":"https:\/\/elconquistadorredloslagos.cl\/test\/?p=11795"},"modified":"2025-06-27T18:49:39","modified_gmt":"2025-06-27T22:49:39","slug":"los-lagos-se-prepara-para-una-ola-de-frio-extremo-con-temperaturas-historicas","status":"publish","type":"post","link":"https:\/\/elconquistadorredloslagos.cl\/test\/blog\/2025\/06\/27\/los-lagos-se-prepara-para-una-ola-de-frio-extremo-con-temperaturas-historicas\/","title":{"rendered":"Los Lagos se prepara para una ola de fr\u00edo extremo con temperaturas hist\u00f3ricas"},"content":{"rendered":"\n<p>Mientras Europa se prepara para enfrentar una ola de calor que elevar\u00e1 los term\u00f3metros por sobre los 40\u00b0C, el Cono Sur vive el escenario opuesto: un frente de aire polar mantiene en alerta a pa\u00edses como Chile, Argentina y Uruguay.<\/p>\n\n\n\n<p>En el Archipi\u00e9lago de Chilo\u00e9, el fr\u00edo se har\u00e1 sentir con especial intensidad desde este s\u00e1bado y hasta el pr\u00f3ximo martes. Se espera que las temperaturas m\u00ednimas en Castro desciendan hasta los -4\u00b0C, seg\u00fan la Direcci\u00f3n Meteorol\u00f3gica de Chile (DMC). Algunas plataformas digitales incluso anticipan -5\u00b0C, mientras que las m\u00e1ximas no superar\u00edan los 6\u00b0C en gran parte de la isla.<\/p>\n\n\n\n<p>De confirmarse estas cifras, se estar\u00edan rompiendo r\u00e9cords hist\u00f3ricos en la zona central de la Isla Grande, donde la m\u00ednima m\u00e1s baja registrada fue de -3,6\u00b0C en el Aer\u00f3dromo Mocopulli, Dalcahue, el 3 de julio de 2018.<\/p>\n\n\n\n<p>Frente a este panorama, el Servicio Nacional de Prevenci\u00f3n y Respuesta ante Desastres (SENAPRED) ampli\u00f3 la Alerta Temprana Preventiva para toda la Regi\u00f3n de Los Lagos, alcanzando a sus cuatro provincias.<\/p>\n\n\n\n<p>La delegada presidencial de Palena, Marisol Mora, hizo un llamado a la comunidad a informarse y acatar las recomendaciones oficiales.<\/p>\n\n\n\n<figure class=\"wp-block-audio\"><audio controls src=\"https:\/\/elconquistadorredloslagos.cl\/test\/wp-content\/uploads\/2025\/06\/30-CUNA-MARISOL-MORA.mp3\"><\/audio><\/figure>\n\n\n\n<p>En la misma l\u00ednea, el mayor Juan Carlos Parraguez, jefe de la Cuarta Comisar\u00eda de Chait\u00e9n, pidi\u00f3 extremar cuidados al conducir y en el uso de estufas y sistemas de calefacci\u00f3n.<\/p>\n\n\n\n<figure class=\"wp-block-audio\"><audio controls src=\"https:\/\/elconquistadorredloslagos.cl\/test\/wp-content\/uploads\/2025\/06\/30-CUNA-MAYOR-PARRAGUEZ-.mp3\"><\/audio><\/figure>\n\n\n\n<p>Desde la DMC explicaron que tras el paso de varios sistemas frontales, se impuso un r\u00e9gimen de alta presi\u00f3n que traer\u00e1 cielos despejados y una masa de aire fr\u00edo no ant\u00e1rtica, pero igualmente intensa.<\/p>\n","protected":false},"excerpt":{"rendered":"<p>Mientras Europa se prepara para enfrentar una ola de calor que elevar\u00e1 los term\u00f3metros por sobre los 40\u00b0C, el Cono Sur vive el escenario opuesto: un frente de aire polar..<\/p>\n","protected":false},"author":2,"featured_media":11798,"comment_status":"closed","ping_status":"open","sticky":false,"template":"","format":"standard","meta":{"footnotes":""},"categories":[1,28,51,54,55,56],"tags":[],"class_list":["post-11795","post","type-post","status-publish","format-standard","has-post-thumbnail","hentry","category-acontecer","category-actual","category-chiloe","category-lago-llanquihue","category-osorno","category-puerto-montt"],"rttpg_featured_image_url":{"full":["https:\/\/elconquistadorredloslagos.cl\/test\/wp-content\/uploads\/2025\/06\/Diseno-sin-titulo-45.jpg",1920,1080,false],"landscape":["https:\/\/elconquistadorredloslagos.cl\/test\/wp-content\/uploads\/2025\/06\/Diseno-sin-titulo-45.jpg",1920,1080,false],"portraits":["https:\/\/elconquistadorredloslagos.cl\/test\/wp-content\/uploads\/2025\/06\/Diseno-sin-titulo-45.jpg",1920,1080,false],"thumbnail":["https:\/\/elconquistadorredloslagos.cl\/test\/wp-content\/uploads\/2025\/06\/Diseno-sin-titulo-45-150x150.jpg",150,150,true],"medium":["https:\/\/elconquistadorredloslagos.cl\/test\/wp-content\/uploads\/2025\/06\/Diseno-sin-titulo-45-300x169.jpg",300,169,true],"large":["https:\/\/elconquistadorredloslagos.cl\/test\/wp-content\/uploads\/2025\/06\/Diseno-sin-titulo-45-1024x576.jpg",1024,576,true],"1536x1536":["https:\/\/elconquistadorredloslagos.cl\/test\/wp-content\/uploads\/2025\/06\/Diseno-sin-titulo-45-1536x864.jpg",1536,864,true],"2048x2048":["https:\/\/elconquistadorredloslagos.cl\/test\/wp-content\/uploads\/2025\/06\/Diseno-sin-titulo-45.jpg",1920,1080,false]},"rttpg_author":{"display_name":"ccardenas","author_link":"https:\/\/elconquistadorredloslagos.cl\/test\/blog\/author\/ccardenas\/"},"rttpg_comment":0,"rttpg_category":"<a href=\"https:\/\/elconquistadorredloslagos.cl\/test\/blog\/category\/actual\/acontecer\/\" rel=\"category tag\">Acontecer<\/a> <a href=\"https:\/\/elconquistadorredloslagos.cl\/test\/blog\/category\/actual\/\" rel=\"category tag\">Actualidad<\/a> <a href=\"https:\/\/elconquistadorredloslagos.cl\/test\/blog\/category\/chile\/chiloe\/\" rel=\"category tag\">Chilo\u00e9<\/a> <a href=\"https:\/\/elconquistadorredloslagos.cl\/test\/blog\/category\/chile\/lago-llanquihue\/\" rel=\"category tag\">Lago LLanquihue<\/a> <a href=\"https:\/\/elconquistadorredloslagos.cl\/test\/blog\/category\/chile\/osorno\/\" rel=\"category tag\">Osorno<\/a> <a href=\"https:\/\/elconquistadorredloslagos.cl\/test\/blog\/category\/chile\/puerto-montt\/\" rel=\"category tag\">Puerto Montt<\/a>","rttpg_excerpt":"Mientras Europa se prepara para enfrentar una ola de calor que elevar\u00e1 los term\u00f3metros por sobre los 40\u00b0C, el Cono Sur vive el escenario opuesto: un frente de aire polar..","_links":{"self":[{"href":"https:\/\/elconquistadorredloslagos.cl\/test\/wp-json\/wp\/v2\/posts\/11795","targetHints":{"allow":["GET"]}}],"collection":[{"href":"https:\/\/elconquistadorredloslagos.cl\/test\/wp-json\/wp\/v2\/posts"}],"about":[{"href":"https:\/\/elconquistadorredloslagos.cl\/test\/wp-json\/wp\/v2\/types\/post"}],"author":[{"embeddable":true,"href":"https:\/\/elconquistadorredloslagos.cl\/test\/wp-json\/wp\/v2\/users\/2"}],"replies":[{"embeddable":true,"href":"https:\/\/elconquistadorredloslagos.cl\/test\/wp-json\/wp\/v2\/comments?post=11795"}],"version-history":[{"count":1,"href":"https:\/\/elconquistadorredloslagos.cl\/test\/wp-json\/wp\/v2\/posts\/11795\/revisions"}],"predecessor-version":[{"id":11799,"href":"https:\/\/elconquistadorredloslagos.cl\/test\/wp-json\/wp\/v2\/posts\/11795\/revisions\/11799"}],"wp:featuredmedia":[{"embeddable":true,"href":"https:\/\/elconquistadorredloslagos.cl\/test\/wp-json\/wp\/v2\/media\/11798"}],"wp:attachment":[{"href":"https:\/\/elconquistadorredloslagos.cl\/test\/wp-json\/wp\/v2\/media?parent=11795"}],"wp:term":[{"taxonomy":"category","embeddable":true,"href":"https:\/\/elconquistadorredloslagos.cl\/test\/wp-json\/wp\/v2\/categories?post=11795"},{"taxonomy":"post_tag","embeddable":true,"href":"https:\/\/elconquistadorredloslagos.cl\/test\/wp-json\/wp\/v2\/tags?post=11795"}],"curies":[{"name":"wp","href":"https:\/\/api.w.org\/{rel}","templated":true}]}}