{"id":11792,"date":"2025-06-27T18:39:37","date_gmt":"2025-06-27T22:39:37","guid":{"rendered":"https:\/\/elconquistadorredloslagos.cl\/test\/?p=11792"},"modified":"2025-06-27T18:39:37","modified_gmt":"2025-06-27T22:39:37","slug":"juzgado-de-garantia-de-puerto-montt-ordena-el-arresto-domiciliario-total-de-exjefe-de-educacion-municipal","status":"publish","type":"post","link":"https:\/\/elconquistadorredloslagos.cl\/test\/blog\/2025\/06\/27\/juzgado-de-garantia-de-puerto-montt-ordena-el-arresto-domiciliario-total-de-exjefe-de-educacion-municipal\/","title":{"rendered":"Juzgado de Garant\u00eda de Puerto Montt ordena el arresto domiciliario total de exjefe de educaci\u00f3n municipal"},"content":{"rendered":"\n<p>El Juzgado de Garant\u00eda de Puerto Montt modific\u00f3 la prisi\u00f3n preventiva del exjefe subrogante del Departamento de Educaci\u00f3n Municipal (DAEM), Jos\u00e9 Alb\u00e1n Mancilla D\u00edaz, y decret\u00f3 en su lugar arresto domiciliario total, prohibici\u00f3n de contacto con coimputados y arraigo nacional.<\/p>\n\n\n\n<p>Mancilla es investigado por su presunta participaci\u00f3n en un millonario fraude al fisco cometido entre 2016 y 2022 en el uso de recursos de la Subvenci\u00f3n Escolar Preferencial (SEP). La decisi\u00f3n fue adoptada este viernes por el juez Francisco Almonacid, quien cuestion\u00f3 la prolongaci\u00f3n de la prisi\u00f3n preventiva del imputado, afirmando que \u201cla utilizaci\u00f3n arbitraria de la prisi\u00f3n preventiva, este tribunal no la va a compartir\u201d.<\/p>\n\n\n\n<p>El Ministerio P\u00fablico acusa a Mancilla y a otros ocho funcionarios, incluido el exalcalde Gervoy Paredes, por delitos como cohecho, lavado de activos, fraude al fisco y enriquecimiento il\u00edcito.<\/p>\n\n\n\n<p>La Fiscal\u00eda sostiene que m\u00e1s de $500 millones fueron desviados para campa\u00f1as pol\u00edticas y beneficios personales mediante contrataciones ficticias y firmas adulteradas. El 22 de abril, el tribunal ampli\u00f3 el plazo de investigaci\u00f3n en 90 d\u00edas.<\/p>\n","protected":false},"excerpt":{"rendered":"<p>El Juzgado de Garant\u00eda de Puerto Montt modific\u00f3 la prisi\u00f3n preventiva del exjefe subrogante del Departamento de Educaci\u00f3n Municipal (DAEM), Jos\u00e9 Alb\u00e1n Mancilla D\u00edaz, y decret\u00f3 en su lugar arresto..<\/p>\n","protected":false},"author":2,"featured_media":11793,"comment_status":"closed","ping_status":"open","sticky":false,"template":"","format":"standard","meta":{"footnotes":""},"categories":[1,28,56],"tags":[],"class_list":["post-11792","post","type-post","status-publish","format-standard","has-post-thumbnail","hentry","category-acontecer","category-actual","category-puerto-montt"],"rttpg_featured_image_url":{"full":["https:\/\/elconquistadorredloslagos.cl\/test\/wp-content\/uploads\/2025\/06\/Diseno-sin-titulo-44.jpg",1920,1080,false],"landscape":["https:\/\/elconquistadorredloslagos.cl\/test\/wp-content\/uploads\/2025\/06\/Diseno-sin-titulo-44.jpg",1920,1080,false],"portraits":["https:\/\/elconquistadorredloslagos.cl\/test\/wp-content\/uploads\/2025\/06\/Diseno-sin-titulo-44.jpg",1920,1080,false],"thumbnail":["https:\/\/elconquistadorredloslagos.cl\/test\/wp-content\/uploads\/2025\/06\/Diseno-sin-titulo-44-150x150.jpg",150,150,true],"medium":["https:\/\/elconquistadorredloslagos.cl\/test\/wp-content\/uploads\/2025\/06\/Diseno-sin-titulo-44-300x169.jpg",300,169,true],"large":["https:\/\/elconquistadorredloslagos.cl\/test\/wp-content\/uploads\/2025\/06\/Diseno-sin-titulo-44-1024x576.jpg",1024,576,true],"1536x1536":["https:\/\/elconquistadorredloslagos.cl\/test\/wp-content\/uploads\/2025\/06\/Diseno-sin-titulo-44-1536x864.jpg",1536,864,true],"2048x2048":["https:\/\/elconquistadorredloslagos.cl\/test\/wp-content\/uploads\/2025\/06\/Diseno-sin-titulo-44.jpg",1920,1080,false]},"rttpg_author":{"display_name":"ccardenas","author_link":"https:\/\/elconquistadorredloslagos.cl\/test\/blog\/author\/ccardenas\/"},"rttpg_comment":0,"rttpg_category":"<a href=\"https:\/\/elconquistadorredloslagos.cl\/test\/blog\/category\/actual\/acontecer\/\" rel=\"category tag\">Acontecer<\/a> <a href=\"https:\/\/elconquistadorredloslagos.cl\/test\/blog\/category\/actual\/\" rel=\"category tag\">Actualidad<\/a> <a href=\"https:\/\/elconquistadorredloslagos.cl\/test\/blog\/category\/chile\/puerto-montt\/\" rel=\"category tag\">Puerto Montt<\/a>","rttpg_excerpt":"El Juzgado de Garant\u00eda de Puerto Montt modific\u00f3 la prisi\u00f3n preventiva del exjefe subrogante del Departamento de Educaci\u00f3n Municipal (DAEM), Jos\u00e9 Alb\u00e1n Mancilla D\u00edaz, y decret\u00f3 en su lugar arresto..","_links":{"self":[{"href":"https:\/\/elconquistadorredloslagos.cl\/test\/wp-json\/wp\/v2\/posts\/11792","targetHints":{"allow":["GET"]}}],"collection":[{"href":"https:\/\/elconquistadorredloslagos.cl\/test\/wp-json\/wp\/v2\/posts"}],"about":[{"href":"https:\/\/elconquistadorredloslagos.cl\/test\/wp-json\/wp\/v2\/types\/post"}],"author":[{"embeddable":true,"href":"https:\/\/elconquistadorredloslagos.cl\/test\/wp-json\/wp\/v2\/users\/2"}],"replies":[{"embeddable":true,"href":"https:\/\/elconquistadorredloslagos.cl\/test\/wp-json\/wp\/v2\/comments?post=11792"}],"version-history":[{"count":1,"href":"https:\/\/elconquistadorredloslagos.cl\/test\/wp-json\/wp\/v2\/posts\/11792\/revisions"}],"predecessor-version":[{"id":11794,"href":"https:\/\/elconquistadorredloslagos.cl\/test\/wp-json\/wp\/v2\/posts\/11792\/revisions\/11794"}],"wp:featuredmedia":[{"embeddable":true,"href":"https:\/\/elconquistadorredloslagos.cl\/test\/wp-json\/wp\/v2\/media\/11793"}],"wp:attachment":[{"href":"https:\/\/elconquistadorredloslagos.cl\/test\/wp-json\/wp\/v2\/media?parent=11792"}],"wp:term":[{"taxonomy":"category","embeddable":true,"href":"https:\/\/elconquistadorredloslagos.cl\/test\/wp-json\/wp\/v2\/categories?post=11792"},{"taxonomy":"post_tag","embeddable":true,"href":"https:\/\/elconquistadorredloslagos.cl\/test\/wp-json\/wp\/v2\/tags?post=11792"}],"curies":[{"name":"wp","href":"https:\/\/api.w.org\/{rel}","templated":true}]}}