{"id":11785,"date":"2025-06-27T17:23:16","date_gmt":"2025-06-27T21:23:16","guid":{"rendered":"https:\/\/elconquistadorredloslagos.cl\/test\/?p=11785"},"modified":"2025-06-27T17:30:22","modified_gmt":"2025-06-27T21:30:22","slug":"con-polietileno-plumavit-madera-o-inclusocarton-suralis-llama-a-proteger-medidores-de-agua-ante-ola-polar","status":"publish","type":"post","link":"https:\/\/elconquistadorredloslagos.cl\/test\/blog\/2025\/06\/27\/con-polietileno-plumavit-madera-o-inclusocarton-suralis-llama-a-proteger-medidores-de-agua-ante-ola-polar\/","title":{"rendered":"Con polietileno, plumavit, madera, o incluso cart\u00f3n: Suralis llama a proteger medidores de agua ante \u201cola polar\u201d"},"content":{"rendered":"\n<p>Como medida para enfrentar la ola de bajas temperaturas pronosticada por la Direcci\u00f3n Meteorol\u00f3gica de Chile para las regiones de Los R\u00edos y Los Lagos este fin de semana, desde la compa\u00f1\u00eda de agua y saneamiento Suralis hicieron un llamado a proteger los medidores que registran el consumo de agua potable para evitar desperfectos.<\/p>\n\n\n\n<p>Desde Suralis explicaron que el congelamiento de los medidores durante las heladas puede causar roturas o fallas en la medici\u00f3n del consumo, generar filtraciones o incluso problemas en la continuidad del suministro. Para evitar estos inconvenientes, se recomienda envolver los medidores con materiales aislantes. El gerente de Clientes y Asuntos Externos de Suralis, Dante Muzzio, explic\u00f3 c\u00f3mo esta situaci\u00f3n afecta a los usuarios y cu\u00e1les son las medidas preventivas m\u00e1s efectivas:<\/p>\n\n\n\n<figure class=\"wp-block-audio\"><audio controls src=\"https:\/\/elconquistadorredloslagos.cl\/test\/wp-content\/uploads\/2025\/06\/30-CUNA-MUZZIO-1.mp3\"><\/audio><\/figure>\n\n\n\n<p>Respecto a qu\u00e9 hacer si el medidor ya muestra indicios de estar congelado, el ejecutivo indic\u00f3 que lo recomendable es intentar descongelarlo mediante algunas t\u00e9cnicas.<\/p>\n\n\n\n<figure class=\"wp-block-audio\"><audio controls src=\"https:\/\/elconquistadorredloslagos.cl\/test\/wp-content\/uploads\/2025\/06\/30-CUNA-MUZZIO-2.mp3\"><\/audio><\/figure>\n\n\n\n<p>Muzzio tambi\u00e9n enfatiz\u00f3 que proteger el medidor implica cuidar el equipo de otros tipos de da\u00f1o, no solo del fr\u00edo<em>.<\/em><\/p>\n\n\n\n<figure class=\"wp-block-audio\"><audio controls src=\"https:\/\/elconquistadorredloslagos.cl\/test\/wp-content\/uploads\/2025\/06\/30-CUNA-MUZZIO-3.mp3\"><\/audio><\/figure>\n\n\n\n<p>Para finalizar, desde Suralis recalcaron que el cuidado de los medidores es una responsabilidad colectiva y convocaron a la comunidad a compartir esta informaci\u00f3n con familiares y vecinos, especialmente en lugares con mayor riesgo de bajas temperaturas. Muzzio coment\u00f3 que \u201csectores ubicados en alturas, pr\u00f3ximos a cuerpos de agua o en valles bajos suelen registrar las temperaturas m\u00e1s fr\u00edas durante la noche y madrugada, por lo que requieren atenci\u00f3n especial\u201d, expres\u00f3 el ejecutivo.<\/p>\n","protected":false},"excerpt":{"rendered":"<p>Como medida para enfrentar la ola de bajas temperaturas pronosticada por la Direcci\u00f3n Meteorol\u00f3gica de Chile para las regiones de Los R\u00edos y Los Lagos este fin de semana, desde..<\/p>\n","protected":false},"author":2,"featured_media":11789,"comment_status":"closed","ping_status":"open","sticky":false,"template":"","format":"standard","meta":{"footnotes":""},"categories":[1,28,51,25,54,55,56],"tags":[],"class_list":["post-11785","post","type-post","status-publish","format-standard","has-post-thumbnail","hentry","category-acontecer","category-actual","category-chiloe","category-empresas","category-lago-llanquihue","category-osorno","category-puerto-montt"],"rttpg_featured_image_url":{"full":["https:\/\/elconquistadorredloslagos.cl\/test\/wp-content\/uploads\/2025\/06\/Diseno-sin-titulo-43.jpg",1920,1080,false],"landscape":["https:\/\/elconquistadorredloslagos.cl\/test\/wp-content\/uploads\/2025\/06\/Diseno-sin-titulo-43.jpg",1920,1080,false],"portraits":["https:\/\/elconquistadorredloslagos.cl\/test\/wp-content\/uploads\/2025\/06\/Diseno-sin-titulo-43.jpg",1920,1080,false],"thumbnail":["https:\/\/elconquistadorredloslagos.cl\/test\/wp-content\/uploads\/2025\/06\/Diseno-sin-titulo-43-150x150.jpg",150,150,true],"medium":["https:\/\/elconquistadorredloslagos.cl\/test\/wp-content\/uploads\/2025\/06\/Diseno-sin-titulo-43-300x169.jpg",300,169,true],"large":["https:\/\/elconquistadorredloslagos.cl\/test\/wp-content\/uploads\/2025\/06\/Diseno-sin-titulo-43-1024x576.jpg",1024,576,true],"1536x1536":["https:\/\/elconquistadorredloslagos.cl\/test\/wp-content\/uploads\/2025\/06\/Diseno-sin-titulo-43-1536x864.jpg",1536,864,true],"2048x2048":["https:\/\/elconquistadorredloslagos.cl\/test\/wp-content\/uploads\/2025\/06\/Diseno-sin-titulo-43.jpg",1920,1080,false]},"rttpg_author":{"display_name":"ccardenas","author_link":"https:\/\/elconquistadorredloslagos.cl\/test\/blog\/author\/ccardenas\/"},"rttpg_comment":0,"rttpg_category":"<a href=\"https:\/\/elconquistadorredloslagos.cl\/test\/blog\/category\/actual\/acontecer\/\" rel=\"category tag\">Acontecer<\/a> <a href=\"https:\/\/elconquistadorredloslagos.cl\/test\/blog\/category\/actual\/\" rel=\"category tag\">Actualidad<\/a> <a href=\"https:\/\/elconquistadorredloslagos.cl\/test\/blog\/category\/chile\/chiloe\/\" rel=\"category tag\">Chilo\u00e9<\/a> <a href=\"https:\/\/elconquistadorredloslagos.cl\/test\/blog\/category\/empresas\/\" rel=\"category tag\">Empresarial<\/a> <a href=\"https:\/\/elconquistadorredloslagos.cl\/test\/blog\/category\/chile\/lago-llanquihue\/\" rel=\"category tag\">Lago LLanquihue<\/a> <a href=\"https:\/\/elconquistadorredloslagos.cl\/test\/blog\/category\/chile\/osorno\/\" rel=\"category tag\">Osorno<\/a> <a href=\"https:\/\/elconquistadorredloslagos.cl\/test\/blog\/category\/chile\/puerto-montt\/\" rel=\"category tag\">Puerto Montt<\/a>","rttpg_excerpt":"Como medida para enfrentar la ola de bajas temperaturas pronosticada por la Direcci\u00f3n Meteorol\u00f3gica de Chile para las regiones de Los R\u00edos y Los Lagos este fin de semana, desde..","_links":{"self":[{"href":"https:\/\/elconquistadorredloslagos.cl\/test\/wp-json\/wp\/v2\/posts\/11785","targetHints":{"allow":["GET"]}}],"collection":[{"href":"https:\/\/elconquistadorredloslagos.cl\/test\/wp-json\/wp\/v2\/posts"}],"about":[{"href":"https:\/\/elconquistadorredloslagos.cl\/test\/wp-json\/wp\/v2\/types\/post"}],"author":[{"embeddable":true,"href":"https:\/\/elconquistadorredloslagos.cl\/test\/wp-json\/wp\/v2\/users\/2"}],"replies":[{"embeddable":true,"href":"https:\/\/elconquistadorredloslagos.cl\/test\/wp-json\/wp\/v2\/comments?post=11785"}],"version-history":[{"count":2,"href":"https:\/\/elconquistadorredloslagos.cl\/test\/wp-json\/wp\/v2\/posts\/11785\/revisions"}],"predecessor-version":[{"id":11791,"href":"https:\/\/elconquistadorredloslagos.cl\/test\/wp-json\/wp\/v2\/posts\/11785\/revisions\/11791"}],"wp:featuredmedia":[{"embeddable":true,"href":"https:\/\/elconquistadorredloslagos.cl\/test\/wp-json\/wp\/v2\/media\/11789"}],"wp:attachment":[{"href":"https:\/\/elconquistadorredloslagos.cl\/test\/wp-json\/wp\/v2\/media?parent=11785"}],"wp:term":[{"taxonomy":"category","embeddable":true,"href":"https:\/\/elconquistadorredloslagos.cl\/test\/wp-json\/wp\/v2\/categories?post=11785"},{"taxonomy":"post_tag","embeddable":true,"href":"https:\/\/elconquistadorredloslagos.cl\/test\/wp-json\/wp\/v2\/tags?post=11785"}],"curies":[{"name":"wp","href":"https:\/\/api.w.org\/{rel}","templated":true}]}}