{"id":11772,"date":"2025-06-27T13:36:34","date_gmt":"2025-06-27T17:36:34","guid":{"rendered":"https:\/\/elconquistadorredloslagos.cl\/test\/?p=11772"},"modified":"2025-06-27T13:36:34","modified_gmt":"2025-06-27T17:36:34","slug":"chiloe-se-prepara-para-elecciones-primarias-con-amplia-logistica-y-medidas-de-seguridad","status":"publish","type":"post","link":"https:\/\/elconquistadorredloslagos.cl\/test\/blog\/2025\/06\/27\/chiloe-se-prepara-para-elecciones-primarias-con-amplia-logistica-y-medidas-de-seguridad\/","title":{"rendered":"Chilo\u00e9 se prepara para elecciones primarias con amplia log\u00edstica y medidas de seguridad"},"content":{"rendered":"\n<p>La provincia de Chilo\u00e9 est\u00e1 lista para la realizaci\u00f3n este domingo de las elecciones primarias que definir\u00e1n al candidato oficialista del pacto \u201cUnidad por Chile\u201d para las presidenciales y parlamentarias del pr\u00f3ximo 16 de noviembre.<\/p>\n\n\n\n<p>En proceso es voluntario, habilit\u00e1ndose 188 mesas distribuidas en 42 locales, con especial concentraci\u00f3n en Ancud y Castro, donde se instalar\u00e1n 42 y 46 puntos de votaci\u00f3n, respectivamente.<\/p>\n\n\n\n<p>En el acto eleccionario participar\u00e1n cuatro candidatos que aparecer\u00e1n en la papeleta en el siguiente orden: Gonzalo Winter (Frente Amplio), Jeannette Jara (Partido Comunista), Carolina Toh\u00e1 (Partido por la Democracia) y Jaime Mulet (Federaci\u00f3n Regionalista Verde Social).<\/p>\n\n\n\n<p>En materia de seguridad, Carabineros desplegar\u00e1 a 200 efectivos para resguardar el exterior de los locales de votaci\u00f3n, mientras que las Fuerzas Armadas y la Armada se encargar\u00e1n de mantener el orden en el interior. As\u00ed lo confirm\u00f3 el delegado presidencial Marcelo Malague\u00f1o.<\/p>\n\n\n\n<figure class=\"wp-block-audio\"><audio controls src=\"https:\/\/elconquistadorredloslagos.cl\/test\/wp-content\/uploads\/2025\/06\/27-CUNA-MARCELO-MALAGUENO.mp3\"><\/audio><\/figure>\n\n\n\n<p>Enrique Guti\u00e9rrez, jefe de la Prefectura de Carabineros de Chilo\u00e9 y Palena, destac\u00f3 el despliegue policial para garantizar el orden antes, durante y despu\u00e9s de la jornada electoral.<\/p>\n\n\n\n<figure class=\"wp-block-audio\"><audio controls src=\"https:\/\/elconquistadorredloslagos.cl\/test\/wp-content\/uploads\/2025\/06\/27-CUNA-ENRIQUE-GUTIERREZ.mp3\"><\/audio><\/figure>\n\n\n\n<p>Desde la Armada, el gobernador mar\u00edtimo (s) de Castro, Rodrigo Zambrano, inform\u00f3 sobre operativos paralelos para proteger la actividad pesquera y facilitar el traslado interinsular.<\/p>\n\n\n\n<figure class=\"wp-block-audio\"><audio controls src=\"https:\/\/elconquistadorredloslagos.cl\/test\/wp-content\/uploads\/2025\/06\/27-CUNA-RODRIGO-ZAMBRANO.mp3\"><\/audio><\/figure>\n\n\n\n<p>Recordar que esta jornada electoral al no ser obligatoria, quienes est\u00e9n a m\u00e1s de 200 kil\u00f3metros de su local de votaci\u00f3n no est\u00e1n obligados a justificar su inasistencia. Lo que s\u00ed es obligatorio, es cumplir con la labor de vocal de mesa. Quienes no se presenten arriesgan multas que van desde las 2 hasta las 8 UTM, es decir, entre 137 mil y 549 mil pesos.<\/p>\n\n\n\n<p>\ud83d\udcf7 Redes sociales<\/p>\n","protected":false},"excerpt":{"rendered":"<p>La provincia de Chilo\u00e9 est\u00e1 lista para la realizaci\u00f3n este domingo de las elecciones primarias que definir\u00e1n al candidato oficialista del pacto \u201cUnidad por Chile\u201d para las presidenciales y parlamentarias..<\/p>\n","protected":false},"author":2,"featured_media":11776,"comment_status":"closed","ping_status":"open","sticky":false,"template":"","format":"standard","meta":{"footnotes":""},"categories":[1,28,51,38],"tags":[],"class_list":["post-11772","post","type-post","status-publish","format-standard","has-post-thumbnail","hentry","category-acontecer","category-actual","category-chiloe","category-politica"],"rttpg_featured_image_url":{"full":["https:\/\/elconquistadorredloslagos.cl\/test\/wp-content\/uploads\/2025\/06\/Diseno-sin-titulo-42.jpg",1920,1080,false],"landscape":["https:\/\/elconquistadorredloslagos.cl\/test\/wp-content\/uploads\/2025\/06\/Diseno-sin-titulo-42.jpg",1920,1080,false],"portraits":["https:\/\/elconquistadorredloslagos.cl\/test\/wp-content\/uploads\/2025\/06\/Diseno-sin-titulo-42.jpg",1920,1080,false],"thumbnail":["https:\/\/elconquistadorredloslagos.cl\/test\/wp-content\/uploads\/2025\/06\/Diseno-sin-titulo-42-150x150.jpg",150,150,true],"medium":["https:\/\/elconquistadorredloslagos.cl\/test\/wp-content\/uploads\/2025\/06\/Diseno-sin-titulo-42-300x169.jpg",300,169,true],"large":["https:\/\/elconquistadorredloslagos.cl\/test\/wp-content\/uploads\/2025\/06\/Diseno-sin-titulo-42-1024x576.jpg",1024,576,true],"1536x1536":["https:\/\/elconquistadorredloslagos.cl\/test\/wp-content\/uploads\/2025\/06\/Diseno-sin-titulo-42-1536x864.jpg",1536,864,true],"2048x2048":["https:\/\/elconquistadorredloslagos.cl\/test\/wp-content\/uploads\/2025\/06\/Diseno-sin-titulo-42.jpg",1920,1080,false]},"rttpg_author":{"display_name":"ccardenas","author_link":"https:\/\/elconquistadorredloslagos.cl\/test\/blog\/author\/ccardenas\/"},"rttpg_comment":0,"rttpg_category":"<a href=\"https:\/\/elconquistadorredloslagos.cl\/test\/blog\/category\/actual\/acontecer\/\" rel=\"category tag\">Acontecer<\/a> <a href=\"https:\/\/elconquistadorredloslagos.cl\/test\/blog\/category\/actual\/\" rel=\"category tag\">Actualidad<\/a> <a href=\"https:\/\/elconquistadorredloslagos.cl\/test\/blog\/category\/chile\/chiloe\/\" rel=\"category tag\">Chilo\u00e9<\/a> <a href=\"https:\/\/elconquistadorredloslagos.cl\/test\/blog\/category\/actual\/politica\/\" rel=\"category tag\">Politica<\/a>","rttpg_excerpt":"La provincia de Chilo\u00e9 est\u00e1 lista para la realizaci\u00f3n este domingo de las elecciones primarias que definir\u00e1n al candidato oficialista del pacto \u201cUnidad por Chile\u201d para las presidenciales y parlamentarias..","_links":{"self":[{"href":"https:\/\/elconquistadorredloslagos.cl\/test\/wp-json\/wp\/v2\/posts\/11772","targetHints":{"allow":["GET"]}}],"collection":[{"href":"https:\/\/elconquistadorredloslagos.cl\/test\/wp-json\/wp\/v2\/posts"}],"about":[{"href":"https:\/\/elconquistadorredloslagos.cl\/test\/wp-json\/wp\/v2\/types\/post"}],"author":[{"embeddable":true,"href":"https:\/\/elconquistadorredloslagos.cl\/test\/wp-json\/wp\/v2\/users\/2"}],"replies":[{"embeddable":true,"href":"https:\/\/elconquistadorredloslagos.cl\/test\/wp-json\/wp\/v2\/comments?post=11772"}],"version-history":[{"count":1,"href":"https:\/\/elconquistadorredloslagos.cl\/test\/wp-json\/wp\/v2\/posts\/11772\/revisions"}],"predecessor-version":[{"id":11777,"href":"https:\/\/elconquistadorredloslagos.cl\/test\/wp-json\/wp\/v2\/posts\/11772\/revisions\/11777"}],"wp:featuredmedia":[{"embeddable":true,"href":"https:\/\/elconquistadorredloslagos.cl\/test\/wp-json\/wp\/v2\/media\/11776"}],"wp:attachment":[{"href":"https:\/\/elconquistadorredloslagos.cl\/test\/wp-json\/wp\/v2\/media?parent=11772"}],"wp:term":[{"taxonomy":"category","embeddable":true,"href":"https:\/\/elconquistadorredloslagos.cl\/test\/wp-json\/wp\/v2\/categories?post=11772"},{"taxonomy":"post_tag","embeddable":true,"href":"https:\/\/elconquistadorredloslagos.cl\/test\/wp-json\/wp\/v2\/tags?post=11772"}],"curies":[{"name":"wp","href":"https:\/\/api.w.org\/{rel}","templated":true}]}}