{"id":11767,"date":"2025-06-27T13:22:58","date_gmt":"2025-06-27T17:22:58","guid":{"rendered":"https:\/\/elconquistadorredloslagos.cl\/test\/?p=11767"},"modified":"2025-06-27T14:17:45","modified_gmt":"2025-06-27T18:17:45","slug":"creacion-de-artista-castrena-sera-el-emblema-del-bicentenario-de-chiloe","status":"publish","type":"post","link":"https:\/\/elconquistadorredloslagos.cl\/test\/blog\/2025\/06\/27\/creacion-de-artista-castrena-sera-el-emblema-del-bicentenario-de-chiloe\/","title":{"rendered":"Creaci\u00f3n de artista castre\u00f1a ser\u00e1 el emblema del Bicentenario de Chilo\u00e9"},"content":{"rendered":"\n<p>Con el 78,3% de los votos, la castre\u00f1a Fernanda Rojas fue elegida a trav\u00e9s de una consulta ciudadana en las diez comunas del Archipi\u00e9lago, y su dise\u00f1o representar\u00e1 oficialmente los 200 a\u00f1os de historia e identidad de Chilo\u00e9.<\/p>\n\n\n\n<p>Fernanda Rojas es dise\u00f1adora gr\u00e1fica oriunda del sector Pid-Pid de Castro, y su propuesta marcada por una paleta de tonos naranjas y rojizos terrosos, se alz\u00f3 como la favorita en la consulta ciudadana realizada ayer en toda la provincia.<\/p>\n\n\n\n<p>Durante la jornada de votaci\u00f3n del d\u00eda jueves que se extendi\u00f3 entre las 09.00 y las 17.00 horas, los municipios habilitaron espacios f\u00edsicos y virtuales para que la comunidad eligiera entre las tres propuestas finalistas. A las 15 horas, ya se registraban 1.250 votos a trav\u00e9s de la plataforma digital.<\/p>\n\n\n\n<p>La gran protagonista no ocult\u00f3 su emoci\u00f3n, luego de ser notificada de su triunfo. La isle\u00f1a, que dirige una marca dedicada al dise\u00f1o e ilustraci\u00f3n inspirados en el patrimonio chilote, se\u00f1al\u00f3 que su intenci\u00f3n fue representar la identidad y diversidad del Archipi\u00e9lago.<\/p>\n\n\n\n<figure class=\"wp-block-video\"><video height=\"1080\" style=\"aspect-ratio: 1920 \/ 1080;\" width=\"1920\" controls src=\"https:\/\/elconquistadorredloslagos.cl\/test\/wp-content\/uploads\/2025\/06\/200anos.mp4\"><\/video><\/figure>\n\n\n\n<p>La creadora del dise\u00f1o ganador del concurso impulsado por la Delegaci\u00f3n Presidencial Provincial fue reconocida adem\u00e1s con un premio de 3 millones de pesos.<\/p>\n\n\n\n<figure class=\"wp-block-image size-large\"><img loading=\"lazy\" decoding=\"async\" width=\"1024\" height=\"643\" src=\"https:\/\/elconquistadorredloslagos.cl\/test\/wp-content\/uploads\/2025\/06\/WhatsApp-Image-2025-06-27-at-12.20.06-1024x643.jpeg\" alt=\"\" class=\"wp-image-11770\" \/><\/figure>\n","protected":false},"excerpt":{"rendered":"<p>Con el 78,3% de los votos, la castre\u00f1a Fernanda Rojas fue elegida a trav\u00e9s de una consulta ciudadana en las diez comunas del Archipi\u00e9lago, y su dise\u00f1o representar\u00e1 oficialmente los..<\/p>\n","protected":false},"author":2,"featured_media":11769,"comment_status":"closed","ping_status":"open","sticky":false,"template":"","format":"standard","meta":{"footnotes":""},"categories":[1,28,51,26,34,39,52],"tags":[],"class_list":["post-11767","post","type-post","status-publish","format-standard","has-post-thumbnail","hentry","category-acontecer","category-actual","category-chiloe","category-comunidad","category-cultura","category-educacion","category-chile"],"rttpg_featured_image_url":{"full":["https:\/\/elconquistadorredloslagos.cl\/test\/wp-content\/uploads\/2025\/06\/Diseno-sin-titulo-41.jpg",1920,1080,false],"landscape":["https:\/\/elconquistadorredloslagos.cl\/test\/wp-content\/uploads\/2025\/06\/Diseno-sin-titulo-41.jpg",1920,1080,false],"portraits":["https:\/\/elconquistadorredloslagos.cl\/test\/wp-content\/uploads\/2025\/06\/Diseno-sin-titulo-41.jpg",1920,1080,false],"thumbnail":["https:\/\/elconquistadorredloslagos.cl\/test\/wp-content\/uploads\/2025\/06\/Diseno-sin-titulo-41-150x150.jpg",150,150,true],"medium":["https:\/\/elconquistadorredloslagos.cl\/test\/wp-content\/uploads\/2025\/06\/Diseno-sin-titulo-41-300x169.jpg",300,169,true],"large":["https:\/\/elconquistadorredloslagos.cl\/test\/wp-content\/uploads\/2025\/06\/Diseno-sin-titulo-41-1024x576.jpg",1024,576,true],"1536x1536":["https:\/\/elconquistadorredloslagos.cl\/test\/wp-content\/uploads\/2025\/06\/Diseno-sin-titulo-41-1536x864.jpg",1536,864,true],"2048x2048":["https:\/\/elconquistadorredloslagos.cl\/test\/wp-content\/uploads\/2025\/06\/Diseno-sin-titulo-41.jpg",1920,1080,false]},"rttpg_author":{"display_name":"ccardenas","author_link":"https:\/\/elconquistadorredloslagos.cl\/test\/blog\/author\/ccardenas\/"},"rttpg_comment":0,"rttpg_category":"<a href=\"https:\/\/elconquistadorredloslagos.cl\/test\/blog\/category\/actual\/acontecer\/\" rel=\"category tag\">Acontecer<\/a> <a href=\"https:\/\/elconquistadorredloslagos.cl\/test\/blog\/category\/actual\/\" rel=\"category tag\">Actualidad<\/a> <a href=\"https:\/\/elconquistadorredloslagos.cl\/test\/blog\/category\/chile\/chiloe\/\" rel=\"category tag\">Chilo\u00e9<\/a> <a href=\"https:\/\/elconquistadorredloslagos.cl\/test\/blog\/category\/comunidad\/\" rel=\"category tag\">Comunidad<\/a> <a href=\"https:\/\/elconquistadorredloslagos.cl\/test\/blog\/category\/cultura\/\" rel=\"category tag\">Cultural<\/a> <a href=\"https:\/\/elconquistadorredloslagos.cl\/test\/blog\/category\/actual\/educacion\/\" rel=\"category tag\">Educaci\u00f3n<\/a> <a href=\"https:\/\/elconquistadorredloslagos.cl\/test\/blog\/category\/chile\/\" rel=\"category tag\">Nacional<\/a>","rttpg_excerpt":"Con el 78,3% de los votos, la castre\u00f1a Fernanda Rojas fue elegida a trav\u00e9s de una consulta ciudadana en las diez comunas del Archipi\u00e9lago, y su dise\u00f1o representar\u00e1 oficialmente los..","_links":{"self":[{"href":"https:\/\/elconquistadorredloslagos.cl\/test\/wp-json\/wp\/v2\/posts\/11767","targetHints":{"allow":["GET"]}}],"collection":[{"href":"https:\/\/elconquistadorredloslagos.cl\/test\/wp-json\/wp\/v2\/posts"}],"about":[{"href":"https:\/\/elconquistadorredloslagos.cl\/test\/wp-json\/wp\/v2\/types\/post"}],"author":[{"embeddable":true,"href":"https:\/\/elconquistadorredloslagos.cl\/test\/wp-json\/wp\/v2\/users\/2"}],"replies":[{"embeddable":true,"href":"https:\/\/elconquistadorredloslagos.cl\/test\/wp-json\/wp\/v2\/comments?post=11767"}],"version-history":[{"count":2,"href":"https:\/\/elconquistadorredloslagos.cl\/test\/wp-json\/wp\/v2\/posts\/11767\/revisions"}],"predecessor-version":[{"id":11778,"href":"https:\/\/elconquistadorredloslagos.cl\/test\/wp-json\/wp\/v2\/posts\/11767\/revisions\/11778"}],"wp:featuredmedia":[{"embeddable":true,"href":"https:\/\/elconquistadorredloslagos.cl\/test\/wp-json\/wp\/v2\/media\/11769"}],"wp:attachment":[{"href":"https:\/\/elconquistadorredloslagos.cl\/test\/wp-json\/wp\/v2\/media?parent=11767"}],"wp:term":[{"taxonomy":"category","embeddable":true,"href":"https:\/\/elconquistadorredloslagos.cl\/test\/wp-json\/wp\/v2\/categories?post=11767"},{"taxonomy":"post_tag","embeddable":true,"href":"https:\/\/elconquistadorredloslagos.cl\/test\/wp-json\/wp\/v2\/tags?post=11767"}],"curies":[{"name":"wp","href":"https:\/\/api.w.org\/{rel}","templated":true}]}}