{"id":11762,"date":"2025-06-27T12:42:34","date_gmt":"2025-06-27T16:42:34","guid":{"rendered":"https:\/\/elconquistadorredloslagos.cl\/test\/?p=11762"},"modified":"2025-06-27T12:42:34","modified_gmt":"2025-06-27T16:42:34","slug":"ministro-del-deporte-se-compromete-a-cofinanciar-nuevo-estadio-de-queilen","status":"publish","type":"post","link":"https:\/\/elconquistadorredloslagos.cl\/test\/blog\/2025\/06\/27\/ministro-del-deporte-se-compromete-a-cofinanciar-nuevo-estadio-de-queilen\/","title":{"rendered":"Ministro del Deporte se compromete a cofinanciar nuevo estadio de Queilen"},"content":{"rendered":"\n<p>Luego de a\u00f1os de espera y gestiones infructuosas, la comunidad de Queil\u00e9n vuelve a mirar con esperanza la concreci\u00f3n del anhelado nuevo estadio comunal. As\u00ed lo confirm\u00f3 el alcalde Marcos Vargas Oyarz\u00fan, quien sostuvo una importante reuni\u00f3n en Santiago con el Ministro del Deporte, Jaime Pizarro Herrera, para destrabar la ejecuci\u00f3n del proyecto, actualmente paralizado.<\/p>\n\n\n\n<p>La obra cuenta desde septiembre de 2023 con Recomendaci\u00f3n Satisfactoria (RS) y ya fue asignado un presupuesto de $1.800 millones de pesos por parte del Gobierno Regional de Los Lagos para el a\u00f1o 2025. Sin embargo, el costo total estimado del proyecto asciende a $3.800 millones, lo que ha obligado a las autoridades a buscar nuevos mecanismos de financiamiento para completar su ejecuci\u00f3n. As\u00ed lo explic\u00f3 el alcalde Marcos Vargas.<\/p>\n\n\n\n<figure class=\"wp-block-video\"><video height=\"1080\" style=\"aspect-ratio: 1920 \/ 1080;\" width=\"1920\" controls src=\"https:\/\/elconquistadorredloslagos.cl\/test\/wp-content\/uploads\/2025\/06\/marcosvargasestadio.mp4\"><\/video><\/figure>\n\n\n\n<p>El edil destac\u00f3 adem\u00e1s la disposici\u00f3n del ministro Pizarro y del gobernador regional, Alejandro Santana, con quienes se ha mantenido un trabajo coordinado en busca de soluciones concretas.<\/p>\n\n\n\n<p>Por su parte, el Ministro del Deporte valor\u00f3 el avance del proyecto y ratific\u00f3 el compromiso de su cartera.<\/p>\n\n\n\n<figure class=\"wp-block-video\"><video height=\"1080\" style=\"aspect-ratio: 1920 \/ 1080;\" width=\"1920\" controls src=\"https:\/\/elconquistadorredloslagos.cl\/test\/wp-content\/uploads\/2025\/06\/ministropizarroestadio.mp4\"><\/video><\/figure>\n\n\n\n<p>La concreci\u00f3n de este nuevo estadio no solo responde a una necesidad deportiva, sino que representa un hito social para Queil\u00e9n, ofreciendo un espacio digno para el encuentro comunitario, el fomento de la vida sana y el desarrollo de las nuevas generaciones.<\/p>\n\n\n\n<p>Con este anuncio, se abre un nuevo cap\u00edtulo para uno de los proyectos m\u00e1s emblem\u00e1ticos de la comuna, cuya concreci\u00f3n podr\u00eda marcar un antes y un despu\u00e9s en la infraestructura deportiva del Archipi\u00e9lago.<\/p>\n","protected":false},"excerpt":{"rendered":"<p>Luego de a\u00f1os de espera y gestiones infructuosas, la comunidad de Queil\u00e9n vuelve a mirar con esperanza la concreci\u00f3n del anhelado nuevo estadio comunal. As\u00ed lo confirm\u00f3 el alcalde Marcos..<\/p>\n","protected":false},"author":2,"featured_media":11763,"comment_status":"closed","ping_status":"open","sticky":false,"template":"","format":"standard","meta":{"footnotes":""},"categories":[1,28,51,52],"tags":[],"class_list":["post-11762","post","type-post","status-publish","format-standard","has-post-thumbnail","hentry","category-acontecer","category-actual","category-chiloe","category-chile"],"rttpg_featured_image_url":{"full":["https:\/\/elconquistadorredloslagos.cl\/test\/wp-content\/uploads\/2025\/06\/Diseno-sin-titulo-40.jpg",1920,1080,false],"landscape":["https:\/\/elconquistadorredloslagos.cl\/test\/wp-content\/uploads\/2025\/06\/Diseno-sin-titulo-40.jpg",1920,1080,false],"portraits":["https:\/\/elconquistadorredloslagos.cl\/test\/wp-content\/uploads\/2025\/06\/Diseno-sin-titulo-40.jpg",1920,1080,false],"thumbnail":["https:\/\/elconquistadorredloslagos.cl\/test\/wp-content\/uploads\/2025\/06\/Diseno-sin-titulo-40-150x150.jpg",150,150,true],"medium":["https:\/\/elconquistadorredloslagos.cl\/test\/wp-content\/uploads\/2025\/06\/Diseno-sin-titulo-40-300x169.jpg",300,169,true],"large":["https:\/\/elconquistadorredloslagos.cl\/test\/wp-content\/uploads\/2025\/06\/Diseno-sin-titulo-40-1024x576.jpg",1024,576,true],"1536x1536":["https:\/\/elconquistadorredloslagos.cl\/test\/wp-content\/uploads\/2025\/06\/Diseno-sin-titulo-40-1536x864.jpg",1536,864,true],"2048x2048":["https:\/\/elconquistadorredloslagos.cl\/test\/wp-content\/uploads\/2025\/06\/Diseno-sin-titulo-40.jpg",1920,1080,false]},"rttpg_author":{"display_name":"ccardenas","author_link":"https:\/\/elconquistadorredloslagos.cl\/test\/blog\/author\/ccardenas\/"},"rttpg_comment":0,"rttpg_category":"<a href=\"https:\/\/elconquistadorredloslagos.cl\/test\/blog\/category\/actual\/acontecer\/\" rel=\"category tag\">Acontecer<\/a> <a href=\"https:\/\/elconquistadorredloslagos.cl\/test\/blog\/category\/actual\/\" rel=\"category tag\">Actualidad<\/a> <a href=\"https:\/\/elconquistadorredloslagos.cl\/test\/blog\/category\/chile\/chiloe\/\" rel=\"category tag\">Chilo\u00e9<\/a> <a href=\"https:\/\/elconquistadorredloslagos.cl\/test\/blog\/category\/chile\/\" rel=\"category tag\">Nacional<\/a>","rttpg_excerpt":"Luego de a\u00f1os de espera y gestiones infructuosas, la comunidad de Queil\u00e9n vuelve a mirar con esperanza la concreci\u00f3n del anhelado nuevo estadio comunal. As\u00ed lo confirm\u00f3 el alcalde Marcos..","_links":{"self":[{"href":"https:\/\/elconquistadorredloslagos.cl\/test\/wp-json\/wp\/v2\/posts\/11762","targetHints":{"allow":["GET"]}}],"collection":[{"href":"https:\/\/elconquistadorredloslagos.cl\/test\/wp-json\/wp\/v2\/posts"}],"about":[{"href":"https:\/\/elconquistadorredloslagos.cl\/test\/wp-json\/wp\/v2\/types\/post"}],"author":[{"embeddable":true,"href":"https:\/\/elconquistadorredloslagos.cl\/test\/wp-json\/wp\/v2\/users\/2"}],"replies":[{"embeddable":true,"href":"https:\/\/elconquistadorredloslagos.cl\/test\/wp-json\/wp\/v2\/comments?post=11762"}],"version-history":[{"count":1,"href":"https:\/\/elconquistadorredloslagos.cl\/test\/wp-json\/wp\/v2\/posts\/11762\/revisions"}],"predecessor-version":[{"id":11766,"href":"https:\/\/elconquistadorredloslagos.cl\/test\/wp-json\/wp\/v2\/posts\/11762\/revisions\/11766"}],"wp:featuredmedia":[{"embeddable":true,"href":"https:\/\/elconquistadorredloslagos.cl\/test\/wp-json\/wp\/v2\/media\/11763"}],"wp:attachment":[{"href":"https:\/\/elconquistadorredloslagos.cl\/test\/wp-json\/wp\/v2\/media?parent=11762"}],"wp:term":[{"taxonomy":"category","embeddable":true,"href":"https:\/\/elconquistadorredloslagos.cl\/test\/wp-json\/wp\/v2\/categories?post=11762"},{"taxonomy":"post_tag","embeddable":true,"href":"https:\/\/elconquistadorredloslagos.cl\/test\/wp-json\/wp\/v2\/tags?post=11762"}],"curies":[{"name":"wp","href":"https:\/\/api.w.org\/{rel}","templated":true}]}}