{"id":11741,"date":"2025-06-26T17:59:00","date_gmt":"2025-06-26T21:59:00","guid":{"rendered":"https:\/\/elconquistadorredloslagos.cl\/test\/?p=11741"},"modified":"2025-06-26T17:59:18","modified_gmt":"2025-06-26T21:59:18","slug":"inauguran-nuevo-centro-comunitario-de-cuidados-en-quellon","status":"publish","type":"post","link":"https:\/\/elconquistadorredloslagos.cl\/test\/blog\/2025\/06\/26\/inauguran-nuevo-centro-comunitario-de-cuidados-en-quellon\/","title":{"rendered":"Inauguran nuevo Centro Comunitario de Cuidados en Quell\u00f3n"},"content":{"rendered":"\n<p>Un total de 120 personas cuidadoras y a quienes ellas cuidan en el extremo sur de la Isla Grande de Chilo\u00e9 se ver\u00e1n beneficiadas con la apertura del nuevo Centro Comunitario de Cuidados de Quell\u00f3n, parte de Chile Cuida.<\/p>\n\n\n\n<p>Se trata del vig\u00e9simo s\u00e9ptimo Centro Comunitario de Cuidados inaugurado por el Gobierno a nivel nacional y el vig\u00e9simo segundo construido por MINVU. Las propias usuarias valoraron de sobremanera la apertura de este importante establecimiento.<\/p>\n\n\n\n<figure class=\"wp-block-audio\"><audio controls src=\"https:\/\/elconquistadorredloslagos.cl\/test\/wp-content\/uploads\/2025\/06\/26-CUNA-USUARIAS.mp3\"><\/audio><\/figure>\n\n\n\n<p>Este recinto, ubicado en la Villa Aytu\u00e9, signific\u00f3 una inversi\u00f3n de $355 millones de pesos de parte del Ministerio de Vivienda y Urbanismo (MINVU) y cuenta con una superficie de 200 metros cuadrados con accesibilidad universal, albergando un sal\u00f3n multiuso, un espacio destinado a los cuidados, cocina para emprendimientos y talleres, junto a otras instalaciones. Su creaci\u00f3n es producto de un esfuerzo conjunto interinstitucional, donde el MINVU construye la infraestructura, el Ministerio de Desarrollo Social y Familia dise\u00f1a la oferta program\u00e1tica, y el municipio administra el espacio.<\/p>\n\n\n\n<p>As\u00ed lo destac\u00f3 la subsecretaria de Servicios Sociales, Francisca Gallegos.<\/p>\n\n\n\n<figure class=\"wp-block-audio\"><audio controls src=\"https:\/\/elconquistadorredloslagos.cl\/test\/wp-content\/uploads\/2025\/06\/26-CUNA-FRANCISCA-GALLEGOS.mp3\"><\/audio><\/figure>\n\n\n\n<p>Por su parte, la subsecretaria de Vivienda y Urbanismo, Gabriela Elgueta relev\u00f3 que la inauguraci\u00f3n de este centro.<\/p>\n\n\n\n<figure class=\"wp-block-audio\"><audio controls src=\"https:\/\/elconquistadorredloslagos.cl\/test\/wp-content\/uploads\/2025\/06\/26-CUNA-GABRIELA-ELGUETA.mp3\"><\/audio><\/figure>\n\n\n\n<p>En tanto, el alcalde de Quell\u00f3n, Claudio Barudy se\u00f1al\u00f3 enfatiz\u00f3 en lo crucial de poner en pr\u00e1ctica la palabra \u201cinclusividad\u201d.<\/p>\n\n\n\n<figure class=\"wp-block-audio\"><audio controls src=\"https:\/\/elconquistadorredloslagos.cl\/test\/wp-content\/uploads\/2025\/06\/26-CUNA-CLAUDIO-BARUDY.mp3\"><\/audio><\/figure>\n\n\n\n<p>El delegado presidencial provincial de Chilo\u00e9, Marcelo Malague\u00f1o, detall\u00f3 el camino trabajado para poder inaugurar este recinto.<\/p>\n\n\n\n<figure class=\"wp-block-audio\"><audio controls src=\"https:\/\/elconquistadorredloslagos.cl\/test\/wp-content\/uploads\/2025\/06\/26-CUNA-MARCELO-MALAGUENO.mp3\"><\/audio><\/figure>\n\n\n\n<p>El nuevo Centro Comunitario de Cuidados de Quell\u00f3n se suma a los ya inaugurados en la Regi\u00f3n de Los Lagos en las comunas de Fresia y Curaco de V\u00e9lez. Adem\u00e1s, se suma a la construcci\u00f3n por parte del Minvu de otros dos Centros Comunitarios de Cuidados en Calbuco y Puerto Montt.<\/p>\n","protected":false},"excerpt":{"rendered":"<p>Un total de 120 personas cuidadoras y a quienes ellas cuidan en el extremo sur de la Isla Grande de Chilo\u00e9 se ver\u00e1n beneficiadas con la apertura del nuevo Centro..<\/p>\n","protected":false},"author":2,"featured_media":11747,"comment_status":"closed","ping_status":"open","sticky":false,"template":"","format":"standard","meta":{"footnotes":""},"categories":[1,28,51],"tags":[],"class_list":["post-11741","post","type-post","status-publish","format-standard","has-post-thumbnail","hentry","category-acontecer","category-actual","category-chiloe"],"rttpg_featured_image_url":{"full":["https:\/\/elconquistadorredloslagos.cl\/test\/wp-content\/uploads\/2025\/06\/Diseno-sin-titulo-38.jpg",1920,1080,false],"landscape":["https:\/\/elconquistadorredloslagos.cl\/test\/wp-content\/uploads\/2025\/06\/Diseno-sin-titulo-38.jpg",1920,1080,false],"portraits":["https:\/\/elconquistadorredloslagos.cl\/test\/wp-content\/uploads\/2025\/06\/Diseno-sin-titulo-38.jpg",1920,1080,false],"thumbnail":["https:\/\/elconquistadorredloslagos.cl\/test\/wp-content\/uploads\/2025\/06\/Diseno-sin-titulo-38-150x150.jpg",150,150,true],"medium":["https:\/\/elconquistadorredloslagos.cl\/test\/wp-content\/uploads\/2025\/06\/Diseno-sin-titulo-38-300x169.jpg",300,169,true],"large":["https:\/\/elconquistadorredloslagos.cl\/test\/wp-content\/uploads\/2025\/06\/Diseno-sin-titulo-38-1024x576.jpg",1024,576,true],"1536x1536":["https:\/\/elconquistadorredloslagos.cl\/test\/wp-content\/uploads\/2025\/06\/Diseno-sin-titulo-38-1536x864.jpg",1536,864,true],"2048x2048":["https:\/\/elconquistadorredloslagos.cl\/test\/wp-content\/uploads\/2025\/06\/Diseno-sin-titulo-38.jpg",1920,1080,false]},"rttpg_author":{"display_name":"ccardenas","author_link":"https:\/\/elconquistadorredloslagos.cl\/test\/blog\/author\/ccardenas\/"},"rttpg_comment":0,"rttpg_category":"<a href=\"https:\/\/elconquistadorredloslagos.cl\/test\/blog\/category\/actual\/acontecer\/\" rel=\"category tag\">Acontecer<\/a> <a href=\"https:\/\/elconquistadorredloslagos.cl\/test\/blog\/category\/actual\/\" rel=\"category tag\">Actualidad<\/a> <a href=\"https:\/\/elconquistadorredloslagos.cl\/test\/blog\/category\/chile\/chiloe\/\" rel=\"category tag\">Chilo\u00e9<\/a>","rttpg_excerpt":"Un total de 120 personas cuidadoras y a quienes ellas cuidan en el extremo sur de la Isla Grande de Chilo\u00e9 se ver\u00e1n beneficiadas con la apertura del nuevo Centro..","_links":{"self":[{"href":"https:\/\/elconquistadorredloslagos.cl\/test\/wp-json\/wp\/v2\/posts\/11741","targetHints":{"allow":["GET"]}}],"collection":[{"href":"https:\/\/elconquistadorredloslagos.cl\/test\/wp-json\/wp\/v2\/posts"}],"about":[{"href":"https:\/\/elconquistadorredloslagos.cl\/test\/wp-json\/wp\/v2\/types\/post"}],"author":[{"embeddable":true,"href":"https:\/\/elconquistadorredloslagos.cl\/test\/wp-json\/wp\/v2\/users\/2"}],"replies":[{"embeddable":true,"href":"https:\/\/elconquistadorredloslagos.cl\/test\/wp-json\/wp\/v2\/comments?post=11741"}],"version-history":[{"count":2,"href":"https:\/\/elconquistadorredloslagos.cl\/test\/wp-json\/wp\/v2\/posts\/11741\/revisions"}],"predecessor-version":[{"id":11749,"href":"https:\/\/elconquistadorredloslagos.cl\/test\/wp-json\/wp\/v2\/posts\/11741\/revisions\/11749"}],"wp:featuredmedia":[{"embeddable":true,"href":"https:\/\/elconquistadorredloslagos.cl\/test\/wp-json\/wp\/v2\/media\/11747"}],"wp:attachment":[{"href":"https:\/\/elconquistadorredloslagos.cl\/test\/wp-json\/wp\/v2\/media?parent=11741"}],"wp:term":[{"taxonomy":"category","embeddable":true,"href":"https:\/\/elconquistadorredloslagos.cl\/test\/wp-json\/wp\/v2\/categories?post=11741"},{"taxonomy":"post_tag","embeddable":true,"href":"https:\/\/elconquistadorredloslagos.cl\/test\/wp-json\/wp\/v2\/tags?post=11741"}],"curies":[{"name":"wp","href":"https:\/\/api.w.org\/{rel}","templated":true}]}}