{"id":11738,"date":"2025-06-26T17:51:44","date_gmt":"2025-06-26T21:51:44","guid":{"rendered":"https:\/\/elconquistadorredloslagos.cl\/test\/?p=11738"},"modified":"2025-06-26T17:51:44","modified_gmt":"2025-06-26T21:51:44","slug":"paso-cardenal-samore-sigue-cerrado-por-intensas-nevadas-en-argentina","status":"publish","type":"post","link":"https:\/\/elconquistadorredloslagos.cl\/test\/blog\/2025\/06\/26\/paso-cardenal-samore-sigue-cerrado-por-intensas-nevadas-en-argentina\/","title":{"rendered":"Paso Cardenal Samor\u00e9 sigue cerrado por intensas nevadas en Argentina"},"content":{"rendered":"\n<p>El complejo fronterizo Cardenal Antonio Samor\u00e9 contin\u00faa sin operaci\u00f3n para todo tipo de veh\u00edculos, medida que ya se extiende por segundo d\u00eda consecutivo debido a las condiciones clim\u00e1ticas adversas en el lado argentino.<\/p>\n\n\n\n<p>La interrupci\u00f3n del tr\u00e1nsito fue solicitada por Vialidad de Argentina a fin de facilitar los trabajos de despeje en la ruta que conecta con Bariloche, donde la acumulaci\u00f3n de nieve ha alcanzado niveles que impiden la circulaci\u00f3n segura.<\/p>\n\n\n\n<p>Desde la delegaci\u00f3n presidencial provincial de Osorno se inform\u00f3 que cerca de 50 camiones y una decena de veh\u00edculos particulares permanecen a la espera en la aduana chilena, aguardando la reapertura del paso internacional. La delegada Claudia Pailalef asegur\u00f3 que los servicios b\u00e1sicos en el recinto, como sanitarios y conectividad, se mantienen plenamente operativos para atender a los usuarios.<\/p>\n\n\n\n<p>Mientras tanto, en la zona de Bariloche las autoridades argentinas han declarado alerta amarilla por nevadas, advirtiendo adem\u00e1s sobre la posibilidad de vientos con r\u00e1fagas de hasta 60 kil\u00f3metros por hora, lo que complica a\u00fan m\u00e1s las labores de mantenimiento vial.<\/p>\n\n\n\n<p>\ud83d\udcf7 Redes sociales<\/p>\n","protected":false},"excerpt":{"rendered":"<p>El complejo fronterizo Cardenal Antonio Samor\u00e9 contin\u00faa sin operaci\u00f3n para todo tipo de veh\u00edculos, medida que ya se extiende por segundo d\u00eda consecutivo debido a las condiciones clim\u00e1ticas adversas en..<\/p>\n","protected":false},"author":2,"featured_media":11739,"comment_status":"closed","ping_status":"open","sticky":false,"template":"","format":"standard","meta":{"footnotes":""},"categories":[1,28,55,56],"tags":[],"class_list":["post-11738","post","type-post","status-publish","format-standard","has-post-thumbnail","hentry","category-acontecer","category-actual","category-osorno","category-puerto-montt"],"rttpg_featured_image_url":{"full":["https:\/\/elconquistadorredloslagos.cl\/test\/wp-content\/uploads\/2025\/06\/Diseno-sin-titulo-37.jpg",1920,1080,false],"landscape":["https:\/\/elconquistadorredloslagos.cl\/test\/wp-content\/uploads\/2025\/06\/Diseno-sin-titulo-37.jpg",1920,1080,false],"portraits":["https:\/\/elconquistadorredloslagos.cl\/test\/wp-content\/uploads\/2025\/06\/Diseno-sin-titulo-37.jpg",1920,1080,false],"thumbnail":["https:\/\/elconquistadorredloslagos.cl\/test\/wp-content\/uploads\/2025\/06\/Diseno-sin-titulo-37-150x150.jpg",150,150,true],"medium":["https:\/\/elconquistadorredloslagos.cl\/test\/wp-content\/uploads\/2025\/06\/Diseno-sin-titulo-37-300x169.jpg",300,169,true],"large":["https:\/\/elconquistadorredloslagos.cl\/test\/wp-content\/uploads\/2025\/06\/Diseno-sin-titulo-37-1024x576.jpg",1024,576,true],"1536x1536":["https:\/\/elconquistadorredloslagos.cl\/test\/wp-content\/uploads\/2025\/06\/Diseno-sin-titulo-37-1536x864.jpg",1536,864,true],"2048x2048":["https:\/\/elconquistadorredloslagos.cl\/test\/wp-content\/uploads\/2025\/06\/Diseno-sin-titulo-37.jpg",1920,1080,false]},"rttpg_author":{"display_name":"ccardenas","author_link":"https:\/\/elconquistadorredloslagos.cl\/test\/blog\/author\/ccardenas\/"},"rttpg_comment":0,"rttpg_category":"<a href=\"https:\/\/elconquistadorredloslagos.cl\/test\/blog\/category\/actual\/acontecer\/\" rel=\"category tag\">Acontecer<\/a> <a href=\"https:\/\/elconquistadorredloslagos.cl\/test\/blog\/category\/actual\/\" rel=\"category tag\">Actualidad<\/a> <a href=\"https:\/\/elconquistadorredloslagos.cl\/test\/blog\/category\/chile\/osorno\/\" rel=\"category tag\">Osorno<\/a> <a href=\"https:\/\/elconquistadorredloslagos.cl\/test\/blog\/category\/chile\/puerto-montt\/\" rel=\"category tag\">Puerto Montt<\/a>","rttpg_excerpt":"El complejo fronterizo Cardenal Antonio Samor\u00e9 contin\u00faa sin operaci\u00f3n para todo tipo de veh\u00edculos, medida que ya se extiende por segundo d\u00eda consecutivo debido a las condiciones clim\u00e1ticas adversas en..","_links":{"self":[{"href":"https:\/\/elconquistadorredloslagos.cl\/test\/wp-json\/wp\/v2\/posts\/11738","targetHints":{"allow":["GET"]}}],"collection":[{"href":"https:\/\/elconquistadorredloslagos.cl\/test\/wp-json\/wp\/v2\/posts"}],"about":[{"href":"https:\/\/elconquistadorredloslagos.cl\/test\/wp-json\/wp\/v2\/types\/post"}],"author":[{"embeddable":true,"href":"https:\/\/elconquistadorredloslagos.cl\/test\/wp-json\/wp\/v2\/users\/2"}],"replies":[{"embeddable":true,"href":"https:\/\/elconquistadorredloslagos.cl\/test\/wp-json\/wp\/v2\/comments?post=11738"}],"version-history":[{"count":1,"href":"https:\/\/elconquistadorredloslagos.cl\/test\/wp-json\/wp\/v2\/posts\/11738\/revisions"}],"predecessor-version":[{"id":11740,"href":"https:\/\/elconquistadorredloslagos.cl\/test\/wp-json\/wp\/v2\/posts\/11738\/revisions\/11740"}],"wp:featuredmedia":[{"embeddable":true,"href":"https:\/\/elconquistadorredloslagos.cl\/test\/wp-json\/wp\/v2\/media\/11739"}],"wp:attachment":[{"href":"https:\/\/elconquistadorredloslagos.cl\/test\/wp-json\/wp\/v2\/media?parent=11738"}],"wp:term":[{"taxonomy":"category","embeddable":true,"href":"https:\/\/elconquistadorredloslagos.cl\/test\/wp-json\/wp\/v2\/categories?post=11738"},{"taxonomy":"post_tag","embeddable":true,"href":"https:\/\/elconquistadorredloslagos.cl\/test\/wp-json\/wp\/v2\/tags?post=11738"}],"curies":[{"name":"wp","href":"https:\/\/api.w.org\/{rel}","templated":true}]}}