{"id":11729,"date":"2025-06-26T15:33:41","date_gmt":"2025-06-26T19:33:41","guid":{"rendered":"https:\/\/elconquistadorredloslagos.cl\/test\/?p=11729"},"modified":"2025-06-26T15:33:42","modified_gmt":"2025-06-26T19:33:42","slug":"comunas-de-la-region-se-alistan-para-primarias-con-mas-de-770-mil-electores-habilitados","status":"publish","type":"post","link":"https:\/\/elconquistadorredloslagos.cl\/test\/blog\/2025\/06\/26\/comunas-de-la-region-se-alistan-para-primarias-con-mas-de-770-mil-electores-habilitados\/","title":{"rendered":"Comunas de la regi\u00f3n se alistan para primarias con m\u00e1s de 770 mil electores habilitados"},"content":{"rendered":"\n<p>Este domingo se realizar\u00e1n en la Regi\u00f3n de Los Lagos las elecciones primarias presidenciales del oficialismo, en una jornada marcada por el car\u00e1cter voluntario del voto y la definici\u00f3n de qui\u00e9n representar\u00e1 al sector en las elecciones del 16 de noviembre.<\/p>\n\n\n\n<p>En total, 777 mil 613 personas est\u00e1n habilitadas para participar en el proceso, donde figuran cuatro postulantes: Gonzalo Winter (Frente Amplio), Jeannette Jara (Partido Comunista), Carolina Toh\u00e1 (PPD) y Jaime Mulet (Federaci\u00f3n Regionalista Verde Social), quienes aparecer\u00e1n en ese orden en la papeleta.<\/p>\n\n\n\n<p>Seg\u00fan inform\u00f3 Marta Vera, directora subrogante del SERVEL regional, se habilitar\u00e1n 147 locales y 856 mesas de votaci\u00f3n, adem\u00e1s de 28 colegios escrutadores. Puerto Montt contar\u00e1 con 27 centros, Osorno con 12, Puerto Varas con 8 y Castro, Ancud y Calbuco con 7 cada uno.<\/p>\n\n\n\n<p>Vera record\u00f3 que el padr\u00f3n se cerr\u00f3 el 30 de abril, y que solo quienes actualizaron su domicilio hasta esa fecha podr\u00e1n sufragar. El proceso est\u00e1 abierto a militantes de los partidos participantes y personas independientes.<\/p>\n\n\n\n<figure class=\"wp-block-audio\"><audio controls src=\"https:\/\/elconquistadorredloslagos.cl\/test\/wp-content\/uploads\/2025\/06\/27-CUNA-MARTA-VERA.mp3\"><\/audio><\/figure>\n\n\n\n<p>Aunque el voto es voluntario, la participaci\u00f3n es obligatoria para vocales de mesa, quienes arriesgan multas de entre 2 y 8 UTM si no se presentan, lo que equivale, entre 137 mil pesos y 549 mil pesos.<\/p>\n","protected":false},"excerpt":{"rendered":"<p>Este domingo se realizar\u00e1n en la Regi\u00f3n de Los Lagos las elecciones primarias presidenciales del oficialismo, en una jornada marcada por el car\u00e1cter voluntario del voto y la definici\u00f3n de..<\/p>\n","protected":false},"author":2,"featured_media":11731,"comment_status":"closed","ping_status":"open","sticky":false,"template":"","format":"standard","meta":{"footnotes":""},"categories":[1,28,51,54,52,55,56],"tags":[],"class_list":["post-11729","post","type-post","status-publish","format-standard","has-post-thumbnail","hentry","category-acontecer","category-actual","category-chiloe","category-lago-llanquihue","category-chile","category-osorno","category-puerto-montt"],"rttpg_featured_image_url":{"full":["https:\/\/elconquistadorredloslagos.cl\/test\/wp-content\/uploads\/2025\/06\/Diseno-sin-titulo-1-4.jpg",1920,1080,false],"landscape":["https:\/\/elconquistadorredloslagos.cl\/test\/wp-content\/uploads\/2025\/06\/Diseno-sin-titulo-1-4.jpg",1920,1080,false],"portraits":["https:\/\/elconquistadorredloslagos.cl\/test\/wp-content\/uploads\/2025\/06\/Diseno-sin-titulo-1-4.jpg",1920,1080,false],"thumbnail":["https:\/\/elconquistadorredloslagos.cl\/test\/wp-content\/uploads\/2025\/06\/Diseno-sin-titulo-1-4-150x150.jpg",150,150,true],"medium":["https:\/\/elconquistadorredloslagos.cl\/test\/wp-content\/uploads\/2025\/06\/Diseno-sin-titulo-1-4-300x169.jpg",300,169,true],"large":["https:\/\/elconquistadorredloslagos.cl\/test\/wp-content\/uploads\/2025\/06\/Diseno-sin-titulo-1-4-1024x576.jpg",1024,576,true],"1536x1536":["https:\/\/elconquistadorredloslagos.cl\/test\/wp-content\/uploads\/2025\/06\/Diseno-sin-titulo-1-4-1536x864.jpg",1536,864,true],"2048x2048":["https:\/\/elconquistadorredloslagos.cl\/test\/wp-content\/uploads\/2025\/06\/Diseno-sin-titulo-1-4.jpg",1920,1080,false]},"rttpg_author":{"display_name":"ccardenas","author_link":"https:\/\/elconquistadorredloslagos.cl\/test\/blog\/author\/ccardenas\/"},"rttpg_comment":0,"rttpg_category":"<a href=\"https:\/\/elconquistadorredloslagos.cl\/test\/blog\/category\/actual\/acontecer\/\" rel=\"category tag\">Acontecer<\/a> <a href=\"https:\/\/elconquistadorredloslagos.cl\/test\/blog\/category\/actual\/\" rel=\"category tag\">Actualidad<\/a> <a href=\"https:\/\/elconquistadorredloslagos.cl\/test\/blog\/category\/chile\/chiloe\/\" rel=\"category tag\">Chilo\u00e9<\/a> <a href=\"https:\/\/elconquistadorredloslagos.cl\/test\/blog\/category\/chile\/lago-llanquihue\/\" rel=\"category tag\">Lago LLanquihue<\/a> <a href=\"https:\/\/elconquistadorredloslagos.cl\/test\/blog\/category\/chile\/\" rel=\"category tag\">Nacional<\/a> <a href=\"https:\/\/elconquistadorredloslagos.cl\/test\/blog\/category\/chile\/osorno\/\" rel=\"category tag\">Osorno<\/a> <a href=\"https:\/\/elconquistadorredloslagos.cl\/test\/blog\/category\/chile\/puerto-montt\/\" rel=\"category tag\">Puerto Montt<\/a>","rttpg_excerpt":"Este domingo se realizar\u00e1n en la Regi\u00f3n de Los Lagos las elecciones primarias presidenciales del oficialismo, en una jornada marcada por el car\u00e1cter voluntario del voto y la definici\u00f3n de..","_links":{"self":[{"href":"https:\/\/elconquistadorredloslagos.cl\/test\/wp-json\/wp\/v2\/posts\/11729","targetHints":{"allow":["GET"]}}],"collection":[{"href":"https:\/\/elconquistadorredloslagos.cl\/test\/wp-json\/wp\/v2\/posts"}],"about":[{"href":"https:\/\/elconquistadorredloslagos.cl\/test\/wp-json\/wp\/v2\/types\/post"}],"author":[{"embeddable":true,"href":"https:\/\/elconquistadorredloslagos.cl\/test\/wp-json\/wp\/v2\/users\/2"}],"replies":[{"embeddable":true,"href":"https:\/\/elconquistadorredloslagos.cl\/test\/wp-json\/wp\/v2\/comments?post=11729"}],"version-history":[{"count":1,"href":"https:\/\/elconquistadorredloslagos.cl\/test\/wp-json\/wp\/v2\/posts\/11729\/revisions"}],"predecessor-version":[{"id":11732,"href":"https:\/\/elconquistadorredloslagos.cl\/test\/wp-json\/wp\/v2\/posts\/11729\/revisions\/11732"}],"wp:featuredmedia":[{"embeddable":true,"href":"https:\/\/elconquistadorredloslagos.cl\/test\/wp-json\/wp\/v2\/media\/11731"}],"wp:attachment":[{"href":"https:\/\/elconquistadorredloslagos.cl\/test\/wp-json\/wp\/v2\/media?parent=11729"}],"wp:term":[{"taxonomy":"category","embeddable":true,"href":"https:\/\/elconquistadorredloslagos.cl\/test\/wp-json\/wp\/v2\/categories?post=11729"},{"taxonomy":"post_tag","embeddable":true,"href":"https:\/\/elconquistadorredloslagos.cl\/test\/wp-json\/wp\/v2\/tags?post=11729"}],"curies":[{"name":"wp","href":"https:\/\/api.w.org\/{rel}","templated":true}]}}