{"id":11713,"date":"2025-06-26T14:12:46","date_gmt":"2025-06-26T18:12:46","guid":{"rendered":"https:\/\/elconquistadorredloslagos.cl\/test\/?p=11713"},"modified":"2025-06-26T14:12:47","modified_gmt":"2025-06-26T18:12:47","slug":"seminario-analizara-impacto-de-tornados-en-chile-y-desafios-para-enfrentarlos-en-los-lagos","status":"publish","type":"post","link":"https:\/\/elconquistadorredloslagos.cl\/test\/blog\/2025\/06\/26\/seminario-analizara-impacto-de-tornados-en-chile-y-desafios-para-enfrentarlos-en-los-lagos\/","title":{"rendered":"Seminario analizar\u00e1 impacto de tornados en Chile y desaf\u00edos para enfrentarlos en Los Lagos\u00a0\u00a0"},"content":{"rendered":"\n<h5 class=\"wp-block-heading\"><em>\u00abTornados, \u00bfestamos preparados?\u00bb es el nombre del seminario organizado por el Programa de Infraestructura Sostenible e Inclusiva (ISIC), el Gore y el Core, y producido por Tendencia &amp; Territorio; que reunir\u00e1 a expertos en clima, emergencias, infraestructura y salud mental para debatir sobre un fen\u00f3meno que impact\u00f3 a Puerto Varas y que, en un escenario de cambio clim\u00e1tico, exige acciones urgentes.\u00a0\u00a0<\/em><\/h5>\n\n\n\n<p>Lo ocurrido el pasado 25 de mayo en la comuna lacustre, no s\u00f3lo nos ha permitido constatar que \u00e9ste no es un fen\u00f3meno nuevo ni usual; sino que, adem\u00e1s, nos invita a reflexionar respecto de esta tem\u00e1tica, para ver cu\u00e1n preparados estamos para enfrentar desastres naturales de este tipo.&nbsp;<\/p>\n\n\n\n<p>En ese contexto surge este seminario, que partir\u00e1 con un primer bloque centrado en la ciencia detr\u00e1s de estos eventos. El investigador del CR2, Roberto Rondanelli, expondr\u00e1 sobre los tornados en Chile, desde el registrado en Carahue en 1554 hasta el que afect\u00f3 a Puerto Varas en 2025. Le seguir\u00e1 Alex Godoy, del Comit\u00e9 Cient\u00edfico en Cambio Clim\u00e1tico, quien abordar\u00e1 estrategias de adaptaci\u00f3n, mientras que Andr\u00e9s Riveros, de Fundaci\u00f3n Legado Chile, analizar\u00e1 c\u00f3mo las ciudades pueden volverse m\u00e1s resilientes mediante soluciones basadas en la naturaleza.&nbsp;&nbsp;<\/p>\n\n\n\n<p>El segundo bloque estar\u00e1 dedicado a las lecciones dejadas por el tornado del 25 de mayo pasado. Una siquiatra de la Cl\u00ednica Puerto Varas hablar\u00e1 sobre el manejo del estr\u00e9s postraum\u00e1tico, mientras que Mitzio Riquelme, director regional del SENAPRED, explicar\u00e1 c\u00f3mo se gestionan las grandes emergencias bajo el Sistema de Comando de Incidentes. Claudia Trillo, directora del SLEP Llanquihue, enfatizar\u00e1 la importancia de la cultura preventiva, y representantes de Saesa, Crell y Suralis debatir\u00e1n sobre la capacidad de respuesta de los servicios b\u00e1sicos.\u00a0\u00a0<\/p>\n\n\n\n<p>La discusi\u00f3n luego se trasladar\u00e1 a los desaf\u00edos en infraestructura, con un panel que incluir\u00e1 a Mirna Brauning, del Proyecto ISIC, quien expondr\u00e1 sobre desarrollo sostenible; Fernando Gunckel, de la CChC, con una mirada sobre planificaci\u00f3n urbana ante desastres; y James Fry, del GORE Los Lagos, quien presentar\u00e1 la estrategia regional en esta materia.&nbsp;&nbsp;<\/p>\n\n\n\n<p>El cierre estar\u00e1 a cargo del alcalde de Puerto Varas, Tom\u00e1s G\u00e1rate, quien reflexionar\u00e1 sobre el proceso de reconstrucci\u00f3n y los pasos a seguir despu\u00e9s de una emergencia de esta magnitud.\u00a0\u00a0<\/p>\n\n\n\n<p>El seminario se realizar\u00e1 el pr\u00f3ximo viernes 11 de julio, desde las 09:00 horas en el Club House del Hotel Caba\u00f1a del Lago en Puerto Varas, y las inscripciones est\u00e1n abiertas en el mail: <a href=\"mailto:infraestructurasostenible@ulagos.cl\">infraestructurasostenible@ulagos.cl<\/a><\/p>\n\n\n\n<p>\u201cTornados, \u00bfestamos preparados?\u201d, sin duda ser\u00e1 una oportunidad para entender, aprender y prepararse frente a un fen\u00f3meno que, como demostr\u00f3 el reciente tornado en Puerto Varas, puede cambiar vidas y territorios en cuesti\u00f3n de minutos.<\/p>\n","protected":false},"excerpt":{"rendered":"<p>\u00abTornados, \u00bfestamos preparados?\u00bb es el nombre del seminario organizado por el Programa de Infraestructura Sostenible e Inclusiva (ISIC), el Gore y el Core, y producido por Tendencia &amp; Territorio; que..<\/p>\n","protected":false},"author":7,"featured_media":11714,"comment_status":"closed","ping_status":"open","sticky":false,"template":"","format":"standard","meta":{"footnotes":""},"categories":[28,54],"tags":[],"class_list":["post-11713","post","type-post","status-publish","format-standard","has-post-thumbnail","hentry","category-actual","category-lago-llanquihue"],"rttpg_featured_image_url":{"full":["https:\/\/elconquistadorredloslagos.cl\/test\/wp-content\/uploads\/2025\/06\/puerto-varas-tornado.png",1920,1080,false],"landscape":["https:\/\/elconquistadorredloslagos.cl\/test\/wp-content\/uploads\/2025\/06\/puerto-varas-tornado.png",1920,1080,false],"portraits":["https:\/\/elconquistadorredloslagos.cl\/test\/wp-content\/uploads\/2025\/06\/puerto-varas-tornado.png",1920,1080,false],"thumbnail":["https:\/\/elconquistadorredloslagos.cl\/test\/wp-content\/uploads\/2025\/06\/puerto-varas-tornado-150x150.png",150,150,true],"medium":["https:\/\/elconquistadorredloslagos.cl\/test\/wp-content\/uploads\/2025\/06\/puerto-varas-tornado-300x169.png",300,169,true],"large":["https:\/\/elconquistadorredloslagos.cl\/test\/wp-content\/uploads\/2025\/06\/puerto-varas-tornado-1024x576.png",1024,576,true],"1536x1536":["https:\/\/elconquistadorredloslagos.cl\/test\/wp-content\/uploads\/2025\/06\/puerto-varas-tornado-1536x864.png",1536,864,true],"2048x2048":["https:\/\/elconquistadorredloslagos.cl\/test\/wp-content\/uploads\/2025\/06\/puerto-varas-tornado.png",1920,1080,false]},"rttpg_author":{"display_name":"enzodelahoz1988","author_link":"https:\/\/elconquistadorredloslagos.cl\/test\/blog\/author\/enzodelahoz1988\/"},"rttpg_comment":0,"rttpg_category":"<a href=\"https:\/\/elconquistadorredloslagos.cl\/test\/blog\/category\/actual\/\" rel=\"category tag\">Actualidad<\/a> <a href=\"https:\/\/elconquistadorredloslagos.cl\/test\/blog\/category\/chile\/lago-llanquihue\/\" rel=\"category tag\">Lago LLanquihue<\/a>","rttpg_excerpt":"\u00abTornados, \u00bfestamos preparados?\u00bb es el nombre del seminario organizado por el Programa de Infraestructura Sostenible e Inclusiva (ISIC), el Gore y el Core, y producido por Tendencia &amp; Territorio; que..","_links":{"self":[{"href":"https:\/\/elconquistadorredloslagos.cl\/test\/wp-json\/wp\/v2\/posts\/11713","targetHints":{"allow":["GET"]}}],"collection":[{"href":"https:\/\/elconquistadorredloslagos.cl\/test\/wp-json\/wp\/v2\/posts"}],"about":[{"href":"https:\/\/elconquistadorredloslagos.cl\/test\/wp-json\/wp\/v2\/types\/post"}],"author":[{"embeddable":true,"href":"https:\/\/elconquistadorredloslagos.cl\/test\/wp-json\/wp\/v2\/users\/7"}],"replies":[{"embeddable":true,"href":"https:\/\/elconquistadorredloslagos.cl\/test\/wp-json\/wp\/v2\/comments?post=11713"}],"version-history":[{"count":1,"href":"https:\/\/elconquistadorredloslagos.cl\/test\/wp-json\/wp\/v2\/posts\/11713\/revisions"}],"predecessor-version":[{"id":11715,"href":"https:\/\/elconquistadorredloslagos.cl\/test\/wp-json\/wp\/v2\/posts\/11713\/revisions\/11715"}],"wp:featuredmedia":[{"embeddable":true,"href":"https:\/\/elconquistadorredloslagos.cl\/test\/wp-json\/wp\/v2\/media\/11714"}],"wp:attachment":[{"href":"https:\/\/elconquistadorredloslagos.cl\/test\/wp-json\/wp\/v2\/media?parent=11713"}],"wp:term":[{"taxonomy":"category","embeddable":true,"href":"https:\/\/elconquistadorredloslagos.cl\/test\/wp-json\/wp\/v2\/categories?post=11713"},{"taxonomy":"post_tag","embeddable":true,"href":"https:\/\/elconquistadorredloslagos.cl\/test\/wp-json\/wp\/v2\/tags?post=11713"}],"curies":[{"name":"wp","href":"https:\/\/api.w.org\/{rel}","templated":true}]}}