{"id":11709,"date":"2025-06-26T13:44:21","date_gmt":"2025-06-26T17:44:21","guid":{"rendered":"https:\/\/elconquistadorredloslagos.cl\/test\/?p=11709"},"modified":"2025-06-26T13:45:16","modified_gmt":"2025-06-26T17:45:16","slug":"frutillar-da-inicio-a-la-expo-emprendedores-colores-de-invierno-con-destacada-participacion-local","status":"publish","type":"post","link":"https:\/\/elconquistadorredloslagos.cl\/test\/blog\/2025\/06\/26\/frutillar-da-inicio-a-la-expo-emprendedores-colores-de-invierno-con-destacada-participacion-local\/","title":{"rendered":"\u201cColores de Invierno\u201d: Frutillar inaugura feria con destacados emprendedores locales"},"content":{"rendered":"\n<h5 class=\"wp-block-heading\"><em>Con el objetivo de fomentar el emprendimiento, visibilizar el trabajo de creadores locales y fortalecer la econom\u00eda comunitaria, la Municipalidad de Frutillar dar\u00e1 inicio a la Expo Emprendedores \u201cColores de Invierno\u201d, que se realizar\u00e1 entre el 30 de junio y el 6 de julio en la Carpa Blanca de la Costanera, ubicada en calle O\u2019Higgins.<\/em><\/h5>\n\n\n\n<p>La feria contar\u00e1 con la participaci\u00f3n de diversos emprendedores y agrupaciones de la comuna, quienes ofrecer\u00e1n productos hechos a mano como artesan\u00edas, alimentos locales, art\u00edculos de decoraci\u00f3n, ropa y productos de cuidado personal, entre otros.<\/p>\n\n\n\n<p>Entre los seleccionados se encuentran la Agrupaci\u00f3n de Artesanos de Frutillar (ACAF), la Agrupaci\u00f3n Social y Cultural Cultivando Sue\u00f1os, y los emprendedores Mar\u00eda Paz Fehrmann, Jesica Barrientos, Mar\u00eda Eliana Medel, Cintya Campos, Constanza Mansilla, Edgardo Cancino, Carlos Kusch, Karin Encina, Maribel Neip\u00e1n, Gabriela Soriano, Nicol Hern\u00e1ndez, C\u00e9sar G\u00f3mez y Maryoritt Vargas.<\/p>\n\n\n\n<p>La expo estar\u00e1 abierta al p\u00fablico durante toda la semana, ofreciendo una experiencia cercana para apoyar el comercio local y disfrutar de productos originales elaborados en Frutillar.<\/p>\n\n\n\n<p>La invitaci\u00f3n es a recorrer esta colorida feria de invierno y contribuir con la dinamizaci\u00f3n del emprendimiento en la comuna.<\/p>\n","protected":false},"excerpt":{"rendered":"<p>Con el objetivo de fomentar el emprendimiento, visibilizar el trabajo de creadores locales y fortalecer la econom\u00eda comunitaria, la Municipalidad de Frutillar dar\u00e1 inicio a la Expo Emprendedores \u201cColores de..<\/p>\n","protected":false},"author":7,"featured_media":11710,"comment_status":"closed","ping_status":"open","sticky":false,"template":"","format":"standard","meta":{"footnotes":""},"categories":[28,54,29],"tags":[],"class_list":["post-11709","post","type-post","status-publish","format-standard","has-post-thumbnail","hentry","category-actual","category-lago-llanquihue","category-turismo"],"rttpg_featured_image_url":{"full":["https:\/\/elconquistadorredloslagos.cl\/test\/wp-content\/uploads\/2025\/06\/FRUTILLAR-COLORES-DE-INVIERNO.png",1920,1080,false],"landscape":["https:\/\/elconquistadorredloslagos.cl\/test\/wp-content\/uploads\/2025\/06\/FRUTILLAR-COLORES-DE-INVIERNO.png",1920,1080,false],"portraits":["https:\/\/elconquistadorredloslagos.cl\/test\/wp-content\/uploads\/2025\/06\/FRUTILLAR-COLORES-DE-INVIERNO.png",1920,1080,false],"thumbnail":["https:\/\/elconquistadorredloslagos.cl\/test\/wp-content\/uploads\/2025\/06\/FRUTILLAR-COLORES-DE-INVIERNO-150x150.png",150,150,true],"medium":["https:\/\/elconquistadorredloslagos.cl\/test\/wp-content\/uploads\/2025\/06\/FRUTILLAR-COLORES-DE-INVIERNO-300x169.png",300,169,true],"large":["https:\/\/elconquistadorredloslagos.cl\/test\/wp-content\/uploads\/2025\/06\/FRUTILLAR-COLORES-DE-INVIERNO-1024x576.png",1024,576,true],"1536x1536":["https:\/\/elconquistadorredloslagos.cl\/test\/wp-content\/uploads\/2025\/06\/FRUTILLAR-COLORES-DE-INVIERNO-1536x864.png",1536,864,true],"2048x2048":["https:\/\/elconquistadorredloslagos.cl\/test\/wp-content\/uploads\/2025\/06\/FRUTILLAR-COLORES-DE-INVIERNO.png",1920,1080,false]},"rttpg_author":{"display_name":"enzodelahoz1988","author_link":"https:\/\/elconquistadorredloslagos.cl\/test\/blog\/author\/enzodelahoz1988\/"},"rttpg_comment":0,"rttpg_category":"<a href=\"https:\/\/elconquistadorredloslagos.cl\/test\/blog\/category\/actual\/\" rel=\"category tag\">Actualidad<\/a> <a href=\"https:\/\/elconquistadorredloslagos.cl\/test\/blog\/category\/chile\/lago-llanquihue\/\" rel=\"category tag\">Lago LLanquihue<\/a> <a href=\"https:\/\/elconquistadorredloslagos.cl\/test\/blog\/category\/actual\/turismo\/\" rel=\"category tag\">Turismo<\/a>","rttpg_excerpt":"Con el objetivo de fomentar el emprendimiento, visibilizar el trabajo de creadores locales y fortalecer la econom\u00eda comunitaria, la Municipalidad de Frutillar dar\u00e1 inicio a la Expo Emprendedores \u201cColores de..","_links":{"self":[{"href":"https:\/\/elconquistadorredloslagos.cl\/test\/wp-json\/wp\/v2\/posts\/11709","targetHints":{"allow":["GET"]}}],"collection":[{"href":"https:\/\/elconquistadorredloslagos.cl\/test\/wp-json\/wp\/v2\/posts"}],"about":[{"href":"https:\/\/elconquistadorredloslagos.cl\/test\/wp-json\/wp\/v2\/types\/post"}],"author":[{"embeddable":true,"href":"https:\/\/elconquistadorredloslagos.cl\/test\/wp-json\/wp\/v2\/users\/7"}],"replies":[{"embeddable":true,"href":"https:\/\/elconquistadorredloslagos.cl\/test\/wp-json\/wp\/v2\/comments?post=11709"}],"version-history":[{"count":2,"href":"https:\/\/elconquistadorredloslagos.cl\/test\/wp-json\/wp\/v2\/posts\/11709\/revisions"}],"predecessor-version":[{"id":11712,"href":"https:\/\/elconquistadorredloslagos.cl\/test\/wp-json\/wp\/v2\/posts\/11709\/revisions\/11712"}],"wp:featuredmedia":[{"embeddable":true,"href":"https:\/\/elconquistadorredloslagos.cl\/test\/wp-json\/wp\/v2\/media\/11710"}],"wp:attachment":[{"href":"https:\/\/elconquistadorredloslagos.cl\/test\/wp-json\/wp\/v2\/media?parent=11709"}],"wp:term":[{"taxonomy":"category","embeddable":true,"href":"https:\/\/elconquistadorredloslagos.cl\/test\/wp-json\/wp\/v2\/categories?post=11709"},{"taxonomy":"post_tag","embeddable":true,"href":"https:\/\/elconquistadorredloslagos.cl\/test\/wp-json\/wp\/v2\/tags?post=11709"}],"curies":[{"name":"wp","href":"https:\/\/api.w.org\/{rel}","templated":true}]}}