{"id":11700,"date":"2025-06-26T11:18:34","date_gmt":"2025-06-26T15:18:34","guid":{"rendered":"https:\/\/elconquistadorredloslagos.cl\/test\/?p=11700"},"modified":"2025-06-26T11:18:35","modified_gmt":"2025-06-26T15:18:35","slug":"vecinos-de-la-ribera-norte-del-maullin-enfrentan-severos-danos-por-erosion","status":"publish","type":"post","link":"https:\/\/elconquistadorredloslagos.cl\/test\/blog\/2025\/06\/26\/vecinos-de-la-ribera-norte-del-maullin-enfrentan-severos-danos-por-erosion\/","title":{"rendered":"Vecinos de la ribera norte del Maull\u00edn enfrentan severos da\u00f1os por erosi\u00f3n"},"content":{"rendered":"\n<p>La erosi\u00f3n provocada por marejadas y fuertes mareas tiene en alerta a los habitantes del borde norte del r\u00edo Maull\u00edn. El avance del mar ha sobrepasado los gaviones instalados como defensa, generando graves impactos en viviendas, caminos p\u00fablicos y accesos clave para los vecinos.<\/p>\n\n\n\n<p>Sectores como Changue y Los Coig\u00fces se cuentan entre los m\u00e1s perjudicados, con un retroceso del terreno que arrasa con todo a su paso. En varios puntos, las estructuras de contenci\u00f3n han cedido, dejando expuesta la ribera.<\/p>\n\n\n\n<p>Los equipos municipales de Riesgos y Obras, iniciaron evaluaciones para mitigar los efectos. Actualmente existen tramos completamente deteriorados que podr\u00edan colapsar si no se act\u00faa con prontitud. <\/p>\n\n\n\n<p>Vecinos expresan su preocupaci\u00f3n por el riesgo que enfrentan las rutas de conexi\u00f3n. Ante la magnitud del problema, el municipio busca apoyo de la Direcci\u00f3n de Obras Portuarias y trabaja con la Secretar\u00eda Comunal de Planificaci\u00f3n (SECPLAN) en un proyecto de contenci\u00f3n. Sin embargo, las autoridades advierten que una soluci\u00f3n definitiva requerir\u00e1 de coordinaci\u00f3n interinstitucional y una alta inversi\u00f3n.<\/p>\n\n\n\n<p>\ud83d\udcf7 Redes sociales<\/p>\n","protected":false},"excerpt":{"rendered":"<p>La erosi\u00f3n provocada por marejadas y fuertes mareas tiene en alerta a los habitantes del borde norte del r\u00edo Maull\u00edn. El avance del mar ha sobrepasado los gaviones instalados como..<\/p>\n","protected":false},"author":2,"featured_media":11701,"comment_status":"closed","ping_status":"open","sticky":false,"template":"","format":"standard","meta":{"footnotes":""},"categories":[1,28],"tags":[],"class_list":["post-11700","post","type-post","status-publish","format-standard","has-post-thumbnail","hentry","category-acontecer","category-actual"],"rttpg_featured_image_url":{"full":["https:\/\/elconquistadorredloslagos.cl\/test\/wp-content\/uploads\/2025\/06\/Diseno-sin-titulo-34.jpg",1920,1080,false],"landscape":["https:\/\/elconquistadorredloslagos.cl\/test\/wp-content\/uploads\/2025\/06\/Diseno-sin-titulo-34.jpg",1920,1080,false],"portraits":["https:\/\/elconquistadorredloslagos.cl\/test\/wp-content\/uploads\/2025\/06\/Diseno-sin-titulo-34.jpg",1920,1080,false],"thumbnail":["https:\/\/elconquistadorredloslagos.cl\/test\/wp-content\/uploads\/2025\/06\/Diseno-sin-titulo-34-150x150.jpg",150,150,true],"medium":["https:\/\/elconquistadorredloslagos.cl\/test\/wp-content\/uploads\/2025\/06\/Diseno-sin-titulo-34-300x169.jpg",300,169,true],"large":["https:\/\/elconquistadorredloslagos.cl\/test\/wp-content\/uploads\/2025\/06\/Diseno-sin-titulo-34-1024x576.jpg",1024,576,true],"1536x1536":["https:\/\/elconquistadorredloslagos.cl\/test\/wp-content\/uploads\/2025\/06\/Diseno-sin-titulo-34-1536x864.jpg",1536,864,true],"2048x2048":["https:\/\/elconquistadorredloslagos.cl\/test\/wp-content\/uploads\/2025\/06\/Diseno-sin-titulo-34.jpg",1920,1080,false]},"rttpg_author":{"display_name":"ccardenas","author_link":"https:\/\/elconquistadorredloslagos.cl\/test\/blog\/author\/ccardenas\/"},"rttpg_comment":0,"rttpg_category":"<a href=\"https:\/\/elconquistadorredloslagos.cl\/test\/blog\/category\/actual\/acontecer\/\" rel=\"category tag\">Acontecer<\/a> <a href=\"https:\/\/elconquistadorredloslagos.cl\/test\/blog\/category\/actual\/\" rel=\"category tag\">Actualidad<\/a>","rttpg_excerpt":"La erosi\u00f3n provocada por marejadas y fuertes mareas tiene en alerta a los habitantes del borde norte del r\u00edo Maull\u00edn. El avance del mar ha sobrepasado los gaviones instalados como..","_links":{"self":[{"href":"https:\/\/elconquistadorredloslagos.cl\/test\/wp-json\/wp\/v2\/posts\/11700","targetHints":{"allow":["GET"]}}],"collection":[{"href":"https:\/\/elconquistadorredloslagos.cl\/test\/wp-json\/wp\/v2\/posts"}],"about":[{"href":"https:\/\/elconquistadorredloslagos.cl\/test\/wp-json\/wp\/v2\/types\/post"}],"author":[{"embeddable":true,"href":"https:\/\/elconquistadorredloslagos.cl\/test\/wp-json\/wp\/v2\/users\/2"}],"replies":[{"embeddable":true,"href":"https:\/\/elconquistadorredloslagos.cl\/test\/wp-json\/wp\/v2\/comments?post=11700"}],"version-history":[{"count":1,"href":"https:\/\/elconquistadorredloslagos.cl\/test\/wp-json\/wp\/v2\/posts\/11700\/revisions"}],"predecessor-version":[{"id":11702,"href":"https:\/\/elconquistadorredloslagos.cl\/test\/wp-json\/wp\/v2\/posts\/11700\/revisions\/11702"}],"wp:featuredmedia":[{"embeddable":true,"href":"https:\/\/elconquistadorredloslagos.cl\/test\/wp-json\/wp\/v2\/media\/11701"}],"wp:attachment":[{"href":"https:\/\/elconquistadorredloslagos.cl\/test\/wp-json\/wp\/v2\/media?parent=11700"}],"wp:term":[{"taxonomy":"category","embeddable":true,"href":"https:\/\/elconquistadorredloslagos.cl\/test\/wp-json\/wp\/v2\/categories?post=11700"},{"taxonomy":"post_tag","embeddable":true,"href":"https:\/\/elconquistadorredloslagos.cl\/test\/wp-json\/wp\/v2\/tags?post=11700"}],"curies":[{"name":"wp","href":"https:\/\/api.w.org\/{rel}","templated":true}]}}