{"id":11692,"date":"2025-06-26T11:05:29","date_gmt":"2025-06-26T15:05:29","guid":{"rendered":"https:\/\/elconquistadorredloslagos.cl\/test\/?p=11692"},"modified":"2025-06-27T16:59:19","modified_gmt":"2025-06-27T20:59:19","slug":"ancud-impulsa-reforestacion-con-el-inicio-del-festival-pala-en-mano","status":"publish","type":"post","link":"https:\/\/elconquistadorredloslagos.cl\/test\/blog\/2025\/06\/26\/ancud-impulsa-reforestacion-con-el-inicio-del-festival-pala-en-mano\/","title":{"rendered":"Ancud impulsa reforestaci\u00f3n con el inicio del Festival Pala en Mano"},"content":{"rendered":"\n<p>Con la meta de plantar 4 mil 500 \u00e1rboles nativos, Ancud es nuevamente sede del Festival Pala en Mano, que se extender\u00e1 desde hoy hasta el s\u00e1bado 28 de junio. Esta cuarta edici\u00f3n es organizada por U\u00d1U Lab y busca promover la restauraci\u00f3n del bosque chilote, reconocido por su alta capacidad de capturar carbono.<\/p>\n\n\n\n<p>El evento contempla actividades de reforestaci\u00f3n en sectores como Nal, Pupelde y Huicha, junto a charlas, proyecciones documentales y exposiciones sobre sostenibilidad, reciclaje y cambio clim\u00e1tico. La programaci\u00f3n tambi\u00e9n incluye la participaci\u00f3n de la joven activista Noem\u00ed Manr\u00edquez, conocida como la \u201cNi\u00f1a Planeta\u201d.<\/p>\n\n\n\n<p>Seg\u00fan el Instituto de Ecolog\u00eda y Biodiversidad, los suelos de Chilo\u00e9 pueden almacenar m\u00e1s carbono que la Amazon\u00eda. Sin embargo, la degradaci\u00f3n del bosque nativo hace urgente su recuperaci\u00f3n. \u201cLa naturaleza no espera\u201d, subraya Javier Garc\u00eda, director de U\u00d1U Lab.<\/p>\n\n\n\n<figure class=\"wp-block-audio\"><audio controls src=\"https:\/\/elconquistadorredloslagos.cl\/test\/wp-content\/uploads\/2025\/06\/26-CUNA-JAVIER-GARCIA-1.mp3\"><\/audio><\/figure>\n\n\n\n<p>Hoy jueves se desarrollan charlas y cine ambiental; el viernes 27, los asistentes podr\u00e1n participar en nuevas exposiciones, concursos, un coffee break y una jornada de voluntariado. El s\u00e1bado culmina con una gran plantaci\u00f3n colectiva.<\/p>\n\n\n\n<figure class=\"wp-block-audio\"><audio controls src=\"https:\/\/elconquistadorredloslagos.cl\/test\/wp-content\/uploads\/2025\/06\/26-CUNA-JAVIER-GARCIA-2.mp3\"><\/audio><\/figure>\n\n\n\n<p>Apoyado por la Municipalidad de Ancud, empresas privadas y propietarios locales, el festival promueve soluciones frente a la crisis h\u00eddrica, incorporando monitoreo cient\u00edfico y t\u00e9cnicas de restauraci\u00f3n con especies como ulmo, ma\u00f1\u00edo y coihue. M\u00e1s detalles en Instagram: @festival_pala_en_mano.<\/p>\n","protected":false},"excerpt":{"rendered":"<p>Con la meta de plantar 4 mil 500 \u00e1rboles nativos, Ancud es nuevamente sede del Festival Pala en Mano, que se extender\u00e1 desde hoy hasta el s\u00e1bado 28 de junio&#8230;<\/p>\n","protected":false},"author":2,"featured_media":11695,"comment_status":"closed","ping_status":"open","sticky":false,"template":"","format":"standard","meta":{"footnotes":""},"categories":[1,28,51,26,34,39],"tags":[],"class_list":["post-11692","post","type-post","status-publish","format-standard","has-post-thumbnail","hentry","category-acontecer","category-actual","category-chiloe","category-comunidad","category-cultura","category-educacion"],"rttpg_featured_image_url":{"full":["https:\/\/elconquistadorredloslagos.cl\/test\/wp-content\/uploads\/2025\/06\/Diseno-sin-titulo-32.jpg",1920,1080,false],"landscape":["https:\/\/elconquistadorredloslagos.cl\/test\/wp-content\/uploads\/2025\/06\/Diseno-sin-titulo-32.jpg",1920,1080,false],"portraits":["https:\/\/elconquistadorredloslagos.cl\/test\/wp-content\/uploads\/2025\/06\/Diseno-sin-titulo-32.jpg",1920,1080,false],"thumbnail":["https:\/\/elconquistadorredloslagos.cl\/test\/wp-content\/uploads\/2025\/06\/Diseno-sin-titulo-32-150x150.jpg",150,150,true],"medium":["https:\/\/elconquistadorredloslagos.cl\/test\/wp-content\/uploads\/2025\/06\/Diseno-sin-titulo-32-300x169.jpg",300,169,true],"large":["https:\/\/elconquistadorredloslagos.cl\/test\/wp-content\/uploads\/2025\/06\/Diseno-sin-titulo-32-1024x576.jpg",1024,576,true],"1536x1536":["https:\/\/elconquistadorredloslagos.cl\/test\/wp-content\/uploads\/2025\/06\/Diseno-sin-titulo-32-1536x864.jpg",1536,864,true],"2048x2048":["https:\/\/elconquistadorredloslagos.cl\/test\/wp-content\/uploads\/2025\/06\/Diseno-sin-titulo-32.jpg",1920,1080,false]},"rttpg_author":{"display_name":"ccardenas","author_link":"https:\/\/elconquistadorredloslagos.cl\/test\/blog\/author\/ccardenas\/"},"rttpg_comment":0,"rttpg_category":"<a href=\"https:\/\/elconquistadorredloslagos.cl\/test\/blog\/category\/actual\/acontecer\/\" rel=\"category tag\">Acontecer<\/a> <a href=\"https:\/\/elconquistadorredloslagos.cl\/test\/blog\/category\/actual\/\" rel=\"category tag\">Actualidad<\/a> <a href=\"https:\/\/elconquistadorredloslagos.cl\/test\/blog\/category\/chile\/chiloe\/\" rel=\"category tag\">Chilo\u00e9<\/a> <a href=\"https:\/\/elconquistadorredloslagos.cl\/test\/blog\/category\/comunidad\/\" rel=\"category tag\">Comunidad<\/a> <a href=\"https:\/\/elconquistadorredloslagos.cl\/test\/blog\/category\/cultura\/\" rel=\"category tag\">Cultural<\/a> <a href=\"https:\/\/elconquistadorredloslagos.cl\/test\/blog\/category\/actual\/educacion\/\" rel=\"category tag\">Educaci\u00f3n<\/a>","rttpg_excerpt":"Con la meta de plantar 4 mil 500 \u00e1rboles nativos, Ancud es nuevamente sede del Festival Pala en Mano, que se extender\u00e1 desde hoy hasta el s\u00e1bado 28 de junio...","_links":{"self":[{"href":"https:\/\/elconquistadorredloslagos.cl\/test\/wp-json\/wp\/v2\/posts\/11692","targetHints":{"allow":["GET"]}}],"collection":[{"href":"https:\/\/elconquistadorredloslagos.cl\/test\/wp-json\/wp\/v2\/posts"}],"about":[{"href":"https:\/\/elconquistadorredloslagos.cl\/test\/wp-json\/wp\/v2\/types\/post"}],"author":[{"embeddable":true,"href":"https:\/\/elconquistadorredloslagos.cl\/test\/wp-json\/wp\/v2\/users\/2"}],"replies":[{"embeddable":true,"href":"https:\/\/elconquistadorredloslagos.cl\/test\/wp-json\/wp\/v2\/comments?post=11692"}],"version-history":[{"count":1,"href":"https:\/\/elconquistadorredloslagos.cl\/test\/wp-json\/wp\/v2\/posts\/11692\/revisions"}],"predecessor-version":[{"id":11696,"href":"https:\/\/elconquistadorredloslagos.cl\/test\/wp-json\/wp\/v2\/posts\/11692\/revisions\/11696"}],"wp:featuredmedia":[{"embeddable":true,"href":"https:\/\/elconquistadorredloslagos.cl\/test\/wp-json\/wp\/v2\/media\/11695"}],"wp:attachment":[{"href":"https:\/\/elconquistadorredloslagos.cl\/test\/wp-json\/wp\/v2\/media?parent=11692"}],"wp:term":[{"taxonomy":"category","embeddable":true,"href":"https:\/\/elconquistadorredloslagos.cl\/test\/wp-json\/wp\/v2\/categories?post=11692"},{"taxonomy":"post_tag","embeddable":true,"href":"https:\/\/elconquistadorredloslagos.cl\/test\/wp-json\/wp\/v2\/tags?post=11692"}],"curies":[{"name":"wp","href":"https:\/\/api.w.org\/{rel}","templated":true}]}}