{"id":11688,"date":"2025-06-25T17:32:31","date_gmt":"2025-06-25T21:32:31","guid":{"rendered":"https:\/\/elconquistadorredloslagos.cl\/test\/?p=11688"},"modified":"2025-06-25T17:32:32","modified_gmt":"2025-06-25T21:32:32","slug":"comunidad-chilota-podra-votar-para-elegir-su-sello-bicentenario","status":"publish","type":"post","link":"https:\/\/elconquistadorredloslagos.cl\/test\/blog\/2025\/06\/25\/comunidad-chilota-podra-votar-para-elegir-su-sello-bicentenario\/","title":{"rendered":"Comunidad chilota podr\u00e1 votar para elegir su Sello Bicentenario"},"content":{"rendered":"\n<p>Con el objetivo de invitar a la comunidad insular a hacerse parte de la elecci\u00f3n del denominado Sello Bicentenario o Chilo\u00e9, se est\u00e1 invitando a los vecinos de las diez comunas del Archipi\u00e9lago a participar de la consulta ciudadana que se desarrollar\u00e1 ma\u00f1ana jueves entre las 09.00 y las 17.00 horas en cada uno de los municipios.<\/p>\n\n\n\n<p>En esta instancia, los vecinos y vecinas podr\u00e1n votar para elegir el dise\u00f1o que mejor represente el esp\u00edritu chilote. As\u00ed lo detall\u00f3 el delegado provincial presidencial, Marcelo Malague\u00f1o.<\/p>\n\n\n\n<figure class=\"wp-block-audio\"><audio controls src=\"https:\/\/elconquistadorredloslagos.cl\/test\/wp-content\/uploads\/2025\/06\/CUNA-MARCELO-MALAGUENO.mp3\"><\/audio><\/figure>\n\n\n\n<p>El Sello Bicentenario ser\u00e1 el s\u00edmbolo que identificar\u00e1 las obras y actividades del plan conmemorativo, reflejando una imagen proyectada al futuro y construida colectivamente.<\/p>\n","protected":false},"excerpt":{"rendered":"<p>Con el objetivo de invitar a la comunidad insular a hacerse parte de la elecci\u00f3n del denominado Sello Bicentenario o Chilo\u00e9, se est\u00e1 invitando a los vecinos de las diez..<\/p>\n","protected":false},"author":2,"featured_media":11690,"comment_status":"closed","ping_status":"open","sticky":false,"template":"","format":"standard","meta":{"footnotes":""},"categories":[1,28,51,52],"tags":[],"class_list":["post-11688","post","type-post","status-publish","format-standard","has-post-thumbnail","hentry","category-acontecer","category-actual","category-chiloe","category-chile"],"rttpg_featured_image_url":{"full":["https:\/\/elconquistadorredloslagos.cl\/test\/wp-content\/uploads\/2025\/06\/Diseno-sin-titulo-31.jpg",1920,1080,false],"landscape":["https:\/\/elconquistadorredloslagos.cl\/test\/wp-content\/uploads\/2025\/06\/Diseno-sin-titulo-31.jpg",1920,1080,false],"portraits":["https:\/\/elconquistadorredloslagos.cl\/test\/wp-content\/uploads\/2025\/06\/Diseno-sin-titulo-31.jpg",1920,1080,false],"thumbnail":["https:\/\/elconquistadorredloslagos.cl\/test\/wp-content\/uploads\/2025\/06\/Diseno-sin-titulo-31-150x150.jpg",150,150,true],"medium":["https:\/\/elconquistadorredloslagos.cl\/test\/wp-content\/uploads\/2025\/06\/Diseno-sin-titulo-31-300x169.jpg",300,169,true],"large":["https:\/\/elconquistadorredloslagos.cl\/test\/wp-content\/uploads\/2025\/06\/Diseno-sin-titulo-31-1024x576.jpg",1024,576,true],"1536x1536":["https:\/\/elconquistadorredloslagos.cl\/test\/wp-content\/uploads\/2025\/06\/Diseno-sin-titulo-31-1536x864.jpg",1536,864,true],"2048x2048":["https:\/\/elconquistadorredloslagos.cl\/test\/wp-content\/uploads\/2025\/06\/Diseno-sin-titulo-31.jpg",1920,1080,false]},"rttpg_author":{"display_name":"ccardenas","author_link":"https:\/\/elconquistadorredloslagos.cl\/test\/blog\/author\/ccardenas\/"},"rttpg_comment":0,"rttpg_category":"<a href=\"https:\/\/elconquistadorredloslagos.cl\/test\/blog\/category\/actual\/acontecer\/\" rel=\"category tag\">Acontecer<\/a> <a href=\"https:\/\/elconquistadorredloslagos.cl\/test\/blog\/category\/actual\/\" rel=\"category tag\">Actualidad<\/a> <a href=\"https:\/\/elconquistadorredloslagos.cl\/test\/blog\/category\/chile\/chiloe\/\" rel=\"category tag\">Chilo\u00e9<\/a> <a href=\"https:\/\/elconquistadorredloslagos.cl\/test\/blog\/category\/chile\/\" rel=\"category tag\">Nacional<\/a>","rttpg_excerpt":"Con el objetivo de invitar a la comunidad insular a hacerse parte de la elecci\u00f3n del denominado Sello Bicentenario o Chilo\u00e9, se est\u00e1 invitando a los vecinos de las diez..","_links":{"self":[{"href":"https:\/\/elconquistadorredloslagos.cl\/test\/wp-json\/wp\/v2\/posts\/11688","targetHints":{"allow":["GET"]}}],"collection":[{"href":"https:\/\/elconquistadorredloslagos.cl\/test\/wp-json\/wp\/v2\/posts"}],"about":[{"href":"https:\/\/elconquistadorredloslagos.cl\/test\/wp-json\/wp\/v2\/types\/post"}],"author":[{"embeddable":true,"href":"https:\/\/elconquistadorredloslagos.cl\/test\/wp-json\/wp\/v2\/users\/2"}],"replies":[{"embeddable":true,"href":"https:\/\/elconquistadorredloslagos.cl\/test\/wp-json\/wp\/v2\/comments?post=11688"}],"version-history":[{"count":1,"href":"https:\/\/elconquistadorredloslagos.cl\/test\/wp-json\/wp\/v2\/posts\/11688\/revisions"}],"predecessor-version":[{"id":11691,"href":"https:\/\/elconquistadorredloslagos.cl\/test\/wp-json\/wp\/v2\/posts\/11688\/revisions\/11691"}],"wp:featuredmedia":[{"embeddable":true,"href":"https:\/\/elconquistadorredloslagos.cl\/test\/wp-json\/wp\/v2\/media\/11690"}],"wp:attachment":[{"href":"https:\/\/elconquistadorredloslagos.cl\/test\/wp-json\/wp\/v2\/media?parent=11688"}],"wp:term":[{"taxonomy":"category","embeddable":true,"href":"https:\/\/elconquistadorredloslagos.cl\/test\/wp-json\/wp\/v2\/categories?post=11688"},{"taxonomy":"post_tag","embeddable":true,"href":"https:\/\/elconquistadorredloslagos.cl\/test\/wp-json\/wp\/v2\/tags?post=11688"}],"curies":[{"name":"wp","href":"https:\/\/api.w.org\/{rel}","templated":true}]}}