{"id":11668,"date":"2025-06-25T16:34:25","date_gmt":"2025-06-25T20:34:25","guid":{"rendered":"https:\/\/elconquistadorredloslagos.cl\/test\/?p=11668"},"modified":"2025-06-25T16:34:25","modified_gmt":"2025-06-25T20:34:25","slug":"busqueda-sin-resultados-de-adulto-mayor-extraviado-en-sector-cordillerano-de-puyehue","status":"publish","type":"post","link":"https:\/\/elconquistadorredloslagos.cl\/test\/blog\/2025\/06\/25\/busqueda-sin-resultados-de-adulto-mayor-extraviado-en-sector-cordillerano-de-puyehue\/","title":{"rendered":"B\u00fasqueda sin resultados de adulto mayor extraviado en sector cordillerano de Puyehue"},"content":{"rendered":"\n<p>Ya son m\u00e1s de diez d\u00edas desde que se perdi\u00f3 todo rastro de Carlos Ancapich\u00fan Castro de 76 a\u00f1os, quien desapareci\u00f3 el pasado viernes 13 de junio en las inmediaciones de la Laguna Espejo, en el camino que conecta Aguas Calientes con Antillanca, en la comuna de Puyehue.<\/p>\n\n\n\n<p>Las labores de b\u00fasqueda que se desarrollan diariamente entre las 11.00 y las 16.00 horas, re\u00fanen a cerca de 60 personas pertenecientes a diversas instituciones, incluyendo el Grupo de Operaciones Policiales Especiales (GOPE), el Ej\u00e9rcito, Bomberos y funcionarios del Servicio Nacional de Prevenci\u00f3n y Respuesta ante Desastres (SENAPRED).<\/p>\n\n\n\n<p>El fiscal Jos\u00e9 Vivallo explic\u00f3 que la coordinaci\u00f3n del operativo contin\u00faa bajo la supervisi\u00f3n del Ministerio P\u00fablico y SENAPRED, destacando el constante contacto con la familia del desaparecido para mantenerlos al tanto de cada avance.<\/p>\n\n\n\n<figure class=\"wp-block-audio\"><audio controls src=\"https:\/\/elconquistadorredloslagos.cl\/test\/wp-content\/uploads\/2025\/06\/26-CUNA-FISCAL-PUYEHUE.mp3\"><\/audio><\/figure>\n\n\n\n<p>Debido a las dificultades de comunicaci\u00f3n en la zona, SENAPRED habilit\u00f3 un puesto de mando equipado con conexi\u00f3n satelital, con el objetivo de optimizar las tareas en un entorno de escasa cobertura m\u00f3vil. Hasta ahora a pesar del esfuerzo desplegado, no se han encontrado pistas que permitan dar con el paradero del adulto mayor.<\/p>\n\n\n\n<p>\ud83d\udcf7 Redes sociales<\/p>\n","protected":false},"excerpt":{"rendered":"<p>Ya son m\u00e1s de diez d\u00edas desde que se perdi\u00f3 todo rastro de Carlos Ancapich\u00fan Castro de 76 a\u00f1os, quien desapareci\u00f3 el pasado viernes 13 de junio en las inmediaciones..<\/p>\n","protected":false},"author":2,"featured_media":11670,"comment_status":"closed","ping_status":"open","sticky":false,"template":"","format":"standard","meta":{"footnotes":""},"categories":[1,28,55],"tags":[],"class_list":["post-11668","post","type-post","status-publish","format-standard","has-post-thumbnail","hentry","category-acontecer","category-actual","category-osorno"],"rttpg_featured_image_url":{"full":["https:\/\/elconquistadorredloslagos.cl\/test\/wp-content\/uploads\/2025\/06\/Diseno-sin-titulo-26.jpg",1920,1080,false],"landscape":["https:\/\/elconquistadorredloslagos.cl\/test\/wp-content\/uploads\/2025\/06\/Diseno-sin-titulo-26.jpg",1920,1080,false],"portraits":["https:\/\/elconquistadorredloslagos.cl\/test\/wp-content\/uploads\/2025\/06\/Diseno-sin-titulo-26.jpg",1920,1080,false],"thumbnail":["https:\/\/elconquistadorredloslagos.cl\/test\/wp-content\/uploads\/2025\/06\/Diseno-sin-titulo-26-150x150.jpg",150,150,true],"medium":["https:\/\/elconquistadorredloslagos.cl\/test\/wp-content\/uploads\/2025\/06\/Diseno-sin-titulo-26-300x169.jpg",300,169,true],"large":["https:\/\/elconquistadorredloslagos.cl\/test\/wp-content\/uploads\/2025\/06\/Diseno-sin-titulo-26-1024x576.jpg",1024,576,true],"1536x1536":["https:\/\/elconquistadorredloslagos.cl\/test\/wp-content\/uploads\/2025\/06\/Diseno-sin-titulo-26-1536x864.jpg",1536,864,true],"2048x2048":["https:\/\/elconquistadorredloslagos.cl\/test\/wp-content\/uploads\/2025\/06\/Diseno-sin-titulo-26.jpg",1920,1080,false]},"rttpg_author":{"display_name":"ccardenas","author_link":"https:\/\/elconquistadorredloslagos.cl\/test\/blog\/author\/ccardenas\/"},"rttpg_comment":0,"rttpg_category":"<a href=\"https:\/\/elconquistadorredloslagos.cl\/test\/blog\/category\/actual\/acontecer\/\" rel=\"category tag\">Acontecer<\/a> <a href=\"https:\/\/elconquistadorredloslagos.cl\/test\/blog\/category\/actual\/\" rel=\"category tag\">Actualidad<\/a> <a href=\"https:\/\/elconquistadorredloslagos.cl\/test\/blog\/category\/chile\/osorno\/\" rel=\"category tag\">Osorno<\/a>","rttpg_excerpt":"Ya son m\u00e1s de diez d\u00edas desde que se perdi\u00f3 todo rastro de Carlos Ancapich\u00fan Castro de 76 a\u00f1os, quien desapareci\u00f3 el pasado viernes 13 de junio en las inmediaciones..","_links":{"self":[{"href":"https:\/\/elconquistadorredloslagos.cl\/test\/wp-json\/wp\/v2\/posts\/11668","targetHints":{"allow":["GET"]}}],"collection":[{"href":"https:\/\/elconquistadorredloslagos.cl\/test\/wp-json\/wp\/v2\/posts"}],"about":[{"href":"https:\/\/elconquistadorredloslagos.cl\/test\/wp-json\/wp\/v2\/types\/post"}],"author":[{"embeddable":true,"href":"https:\/\/elconquistadorredloslagos.cl\/test\/wp-json\/wp\/v2\/users\/2"}],"replies":[{"embeddable":true,"href":"https:\/\/elconquistadorredloslagos.cl\/test\/wp-json\/wp\/v2\/comments?post=11668"}],"version-history":[{"count":1,"href":"https:\/\/elconquistadorredloslagos.cl\/test\/wp-json\/wp\/v2\/posts\/11668\/revisions"}],"predecessor-version":[{"id":11671,"href":"https:\/\/elconquistadorredloslagos.cl\/test\/wp-json\/wp\/v2\/posts\/11668\/revisions\/11671"}],"wp:featuredmedia":[{"embeddable":true,"href":"https:\/\/elconquistadorredloslagos.cl\/test\/wp-json\/wp\/v2\/media\/11670"}],"wp:attachment":[{"href":"https:\/\/elconquistadorredloslagos.cl\/test\/wp-json\/wp\/v2\/media?parent=11668"}],"wp:term":[{"taxonomy":"category","embeddable":true,"href":"https:\/\/elconquistadorredloslagos.cl\/test\/wp-json\/wp\/v2\/categories?post=11668"},{"taxonomy":"post_tag","embeddable":true,"href":"https:\/\/elconquistadorredloslagos.cl\/test\/wp-json\/wp\/v2\/tags?post=11668"}],"curies":[{"name":"wp","href":"https:\/\/api.w.org\/{rel}","templated":true}]}}