{"id":11664,"date":"2025-06-25T16:23:00","date_gmt":"2025-06-25T20:23:00","guid":{"rendered":"https:\/\/elconquistadorredloslagos.cl\/test\/?p=11664"},"modified":"2025-06-25T16:23:01","modified_gmt":"2025-06-25T20:23:01","slug":"vaquita-de-chocolate-en-osorno-logra-historica-convocatoria-y-dona-millonario-aporte-a-yo-te-cuido","status":"publish","type":"post","link":"https:\/\/elconquistadorredloslagos.cl\/test\/blog\/2025\/06\/25\/vaquita-de-chocolate-en-osorno-logra-historica-convocatoria-y-dona-millonario-aporte-a-yo-te-cuido\/","title":{"rendered":"Vaquita de Chocolate en Osorno logra hist\u00f3rica convocatoria y dona millonario aporte a \u201cYo te Cuido\u201d"},"content":{"rendered":"\n<p>Miles de personas llegaron hasta Osorno el pasado fin de semana para participar en la tercera edici\u00f3n del Festival del Chocolate, donde la atracci\u00f3n principal fue \u201cLa Vaquita m\u00e1s grande del mundo\u201d. El evento no solo endulz\u00f3 a la ciudad, sino que tambi\u00e9n dej\u00f3 un importante saldo solidario.<\/p>\n\n\n\n<p>Gracias a la venta de entradas para ver y degustar parte de la escultura de chocolate, la organizaci\u00f3n \u201cYo te Cuido\u201d que agrupa a madres y padres de ni\u00f1os con traqueotom\u00eda y gastrostom\u00edas,&nbsp; recibi\u00f3 un aporte de 4 millones 850 mil pesos. El monto fue celebrado por sus integrantes, quienes destacaron la relevancia de este tipo de apoyo para sobrellevar tratamientos prolongados adem\u00e1s de costosos.<\/p>\n\n\n\n<p>Lorna Macaya, vocera de la agrupaci\u00f3n, agradeci\u00f3 a la productora Sol del Sur y a Elizabeth Arriagada por considerar su causa y visibilizar las m\u00faltiples necesidades que enfrentan las familias.<\/p>\n\n\n\n<figure class=\"wp-block-audio\"><audio controls src=\"https:\/\/elconquistadorredloslagos.cl\/test\/wp-content\/uploads\/2025\/06\/CUNA-VAQUITA.mp3\"><\/audio><\/figure>\n\n\n\n<p>El dinero recaudado permitir\u00e1 financiar parte de las terapias multidisciplinarias, la compra de pa\u00f1ales y f\u00f3rmulas alimenticias especiales, fundamentales en la dieta de los menores que requieren cuidados complejos.<\/p>\n\n\n\n<p>\ud83d\udcf7 <a href=\"https:\/\/www.facebook.com\/OsornoEnVivoPRENSA?__cft__[0]=AZUNQ77f_37vpsbXNYsgD-htNKsBNEL62cvkCijHRR6KcLKhqo1Bbyf9I2Elcx-4TU4HHFNoTckoWV27Qq7Rk3_4f_2CJKDmDDEoFvK3qoPnuTfewchQKEQc5Ezy-Lj8zGYoAeRJZPkyq87mNI2tHkgd&amp;__tn__=-UC%2CP-R\"><strong>osornoenvivo.cl<\/strong><\/a> &#8211; Facebook<\/p>\n","protected":false},"excerpt":{"rendered":"<p>Miles de personas llegaron hasta Osorno el pasado fin de semana para participar en la tercera edici\u00f3n del Festival del Chocolate, donde la atracci\u00f3n principal fue \u201cLa Vaquita m\u00e1s grande..<\/p>\n","protected":false},"author":2,"featured_media":11666,"comment_status":"closed","ping_status":"open","sticky":false,"template":"","format":"standard","meta":{"footnotes":""},"categories":[1,28],"tags":[],"class_list":["post-11664","post","type-post","status-publish","format-standard","has-post-thumbnail","hentry","category-acontecer","category-actual"],"rttpg_featured_image_url":{"full":["https:\/\/elconquistadorredloslagos.cl\/test\/wp-content\/uploads\/2025\/06\/Diseno-sin-titulo-25.jpg",1920,1080,false],"landscape":["https:\/\/elconquistadorredloslagos.cl\/test\/wp-content\/uploads\/2025\/06\/Diseno-sin-titulo-25.jpg",1920,1080,false],"portraits":["https:\/\/elconquistadorredloslagos.cl\/test\/wp-content\/uploads\/2025\/06\/Diseno-sin-titulo-25.jpg",1920,1080,false],"thumbnail":["https:\/\/elconquistadorredloslagos.cl\/test\/wp-content\/uploads\/2025\/06\/Diseno-sin-titulo-25-150x150.jpg",150,150,true],"medium":["https:\/\/elconquistadorredloslagos.cl\/test\/wp-content\/uploads\/2025\/06\/Diseno-sin-titulo-25-300x169.jpg",300,169,true],"large":["https:\/\/elconquistadorredloslagos.cl\/test\/wp-content\/uploads\/2025\/06\/Diseno-sin-titulo-25-1024x576.jpg",1024,576,true],"1536x1536":["https:\/\/elconquistadorredloslagos.cl\/test\/wp-content\/uploads\/2025\/06\/Diseno-sin-titulo-25-1536x864.jpg",1536,864,true],"2048x2048":["https:\/\/elconquistadorredloslagos.cl\/test\/wp-content\/uploads\/2025\/06\/Diseno-sin-titulo-25.jpg",1920,1080,false]},"rttpg_author":{"display_name":"ccardenas","author_link":"https:\/\/elconquistadorredloslagos.cl\/test\/blog\/author\/ccardenas\/"},"rttpg_comment":0,"rttpg_category":"<a href=\"https:\/\/elconquistadorredloslagos.cl\/test\/blog\/category\/actual\/acontecer\/\" rel=\"category tag\">Acontecer<\/a> <a href=\"https:\/\/elconquistadorredloslagos.cl\/test\/blog\/category\/actual\/\" rel=\"category tag\">Actualidad<\/a>","rttpg_excerpt":"Miles de personas llegaron hasta Osorno el pasado fin de semana para participar en la tercera edici\u00f3n del Festival del Chocolate, donde la atracci\u00f3n principal fue \u201cLa Vaquita m\u00e1s grande..","_links":{"self":[{"href":"https:\/\/elconquistadorredloslagos.cl\/test\/wp-json\/wp\/v2\/posts\/11664","targetHints":{"allow":["GET"]}}],"collection":[{"href":"https:\/\/elconquistadorredloslagos.cl\/test\/wp-json\/wp\/v2\/posts"}],"about":[{"href":"https:\/\/elconquistadorredloslagos.cl\/test\/wp-json\/wp\/v2\/types\/post"}],"author":[{"embeddable":true,"href":"https:\/\/elconquistadorredloslagos.cl\/test\/wp-json\/wp\/v2\/users\/2"}],"replies":[{"embeddable":true,"href":"https:\/\/elconquistadorredloslagos.cl\/test\/wp-json\/wp\/v2\/comments?post=11664"}],"version-history":[{"count":1,"href":"https:\/\/elconquistadorredloslagos.cl\/test\/wp-json\/wp\/v2\/posts\/11664\/revisions"}],"predecessor-version":[{"id":11667,"href":"https:\/\/elconquistadorredloslagos.cl\/test\/wp-json\/wp\/v2\/posts\/11664\/revisions\/11667"}],"wp:featuredmedia":[{"embeddable":true,"href":"https:\/\/elconquistadorredloslagos.cl\/test\/wp-json\/wp\/v2\/media\/11666"}],"wp:attachment":[{"href":"https:\/\/elconquistadorredloslagos.cl\/test\/wp-json\/wp\/v2\/media?parent=11664"}],"wp:term":[{"taxonomy":"category","embeddable":true,"href":"https:\/\/elconquistadorredloslagos.cl\/test\/wp-json\/wp\/v2\/categories?post=11664"},{"taxonomy":"post_tag","embeddable":true,"href":"https:\/\/elconquistadorredloslagos.cl\/test\/wp-json\/wp\/v2\/tags?post=11664"}],"curies":[{"name":"wp","href":"https:\/\/api.w.org\/{rel}","templated":true}]}}