{"id":11654,"date":"2025-06-25T15:41:32","date_gmt":"2025-06-25T19:41:32","guid":{"rendered":"https:\/\/elconquistadorredloslagos.cl\/test\/?p=11654"},"modified":"2025-06-25T15:42:51","modified_gmt":"2025-06-25T19:42:51","slug":"puerto-montt-acoge-el-sexto-encuentro-de-sinergia-bomberil-para-reforzar-la-coordinacion-nacional-ante-emergencias","status":"publish","type":"post","link":"https:\/\/elconquistadorredloslagos.cl\/test\/blog\/2025\/06\/25\/puerto-montt-acoge-el-sexto-encuentro-de-sinergia-bomberil-para-reforzar-la-coordinacion-nacional-ante-emergencias\/","title":{"rendered":"Puerto Montt acoge el Sexto Encuentro de Sinergia Bomberil para reforzar la coordinaci\u00f3n nacional ante emergencias"},"content":{"rendered":"\n<h5 class=\"wp-block-heading\"><em>Representantes de diez cuerpos de Bomberos de todo Chile se dieron cita en la capital de la Regi\u00f3n de Los Lagos para compartir experiencias y dise\u00f1ar protocolos para optimizar la gesti\u00f3n institucional.<\/em><\/h5>\n\n\n\n<p><br>Puerto Montt se convirti\u00f3 durante el fin de semana en el epicentro de la cooperaci\u00f3n entre los cuerpos de Bomberos de los centros urbanos m\u00e1s importantes del pa\u00eds al recibir, en su cuartel general, el Sexto Encuentro de Sinergia Bomberil.<br>La actividad, que form\u00f3 parte del programa conmemorativo del 160 aniversario de Bomberos de Puerto Montt, cont\u00f3 con la participaci\u00f3n de representantes bomberiles de los cuerpos de Antofagasta, Coquimbo, Vi\u00f1a del Mar, Valpara\u00edso, Santiago, Maip\u00fa, \u00d1u\u00f1oa, Concepci\u00f3n, Los \u00c1ngeles y Metropolitano Sur.<\/p>\n\n\n\n<p><br>El encuentro se desarroll\u00f3 con el objetivo de reforzar la unidad y optimizar la respuesta ante las crecientes demandas operativas a nivel nacional. Superintendentes, vicesuperintendentes, comandantes, secretarios generales, tesoreros y otros mandos compartieron sus experiencias y desaf\u00edos, conscientes de que la fuerza conjunta es la mejor estrategia para salvar vidas y bienes.<\/p>\n\n\n\n<p><br>\u201cEn un pa\u00eds que presenta emergencias cada vez m\u00e1s complejas y desafiantes, que muchas veces requiere el trabajo integrado de varios cuerpos de Bomberos, la coordinaci\u00f3n es vital. Estos encuentros justamente apuntan a optimizar nuestros recursos, conocer nuestras capacidades individuales y generar estrategias para hacerlas trabajar en conjunto como un sistema. Estamos orgullosos de que este sexto encuentro se haya realizado en Puerto Montt, con nuestro Cuerpo de Bomberos como anfitri\u00f3n de esta importante cumbre\u201d, dijo el superintendente Jaime Jonshon.<\/p>\n\n\n\n<p><br>Durante la jornada, diversas mesas de trabajo permitieron examinar en detalle la adquisici\u00f3n y mantenci\u00f3n de material mayor y menor, la coordinaci\u00f3n tecnol\u00f3gica, la administraci\u00f3n de recursos financieros y humanos, la formaci\u00f3n bomberil, la gesti\u00f3n de cuarteles, la vinculaci\u00f3n con proveedores y la preservaci\u00f3n del patrimonio institucional.<\/p>\n\n\n\n<p><br>De estos an\u00e1lisis emergieron protocolos comunes, una hoja de ruta para el intercambio de equipos y especialistas, y el dise\u00f1o de plataformas digitales que prometen agilizar la log\u00edstica y elevar la calidad del entrenamiento.<br>\u201cEl construir di\u00e1logos y an\u00e1lisis en conjunto es un paso clave para desarrollar la sinergia estrat\u00e9gica entre los Cuerpos de Bomberos, generando la colaboraci\u00f3n que permite entregar un servicio m\u00e1s \u00e1gil y eficiente para nuestras las comunidades\u201d, destac\u00f3 el comandante de Bomberos de Puerto Montt, Roberto Angulo.<\/p>\n","protected":false},"excerpt":{"rendered":"<p>Representantes de diez cuerpos de Bomberos de todo Chile se dieron cita en la capital de la Regi\u00f3n de Los Lagos para compartir experiencias y dise\u00f1ar protocolos para optimizar la..<\/p>\n","protected":false},"author":7,"featured_media":11655,"comment_status":"closed","ping_status":"open","sticky":false,"template":"","format":"standard","meta":{"footnotes":""},"categories":[28,56],"tags":[],"class_list":["post-11654","post","type-post","status-publish","format-standard","has-post-thumbnail","hentry","category-actual","category-puerto-montt"],"rttpg_featured_image_url":{"full":["https:\/\/elconquistadorredloslagos.cl\/test\/wp-content\/uploads\/2025\/06\/bomberos-puerto-montt-1.png",1920,1080,false],"landscape":["https:\/\/elconquistadorredloslagos.cl\/test\/wp-content\/uploads\/2025\/06\/bomberos-puerto-montt-1.png",1920,1080,false],"portraits":["https:\/\/elconquistadorredloslagos.cl\/test\/wp-content\/uploads\/2025\/06\/bomberos-puerto-montt-1.png",1920,1080,false],"thumbnail":["https:\/\/elconquistadorredloslagos.cl\/test\/wp-content\/uploads\/2025\/06\/bomberos-puerto-montt-1-150x150.png",150,150,true],"medium":["https:\/\/elconquistadorredloslagos.cl\/test\/wp-content\/uploads\/2025\/06\/bomberos-puerto-montt-1-300x169.png",300,169,true],"large":["https:\/\/elconquistadorredloslagos.cl\/test\/wp-content\/uploads\/2025\/06\/bomberos-puerto-montt-1-1024x576.png",1024,576,true],"1536x1536":["https:\/\/elconquistadorredloslagos.cl\/test\/wp-content\/uploads\/2025\/06\/bomberos-puerto-montt-1-1536x864.png",1536,864,true],"2048x2048":["https:\/\/elconquistadorredloslagos.cl\/test\/wp-content\/uploads\/2025\/06\/bomberos-puerto-montt-1.png",1920,1080,false]},"rttpg_author":{"display_name":"enzodelahoz1988","author_link":"https:\/\/elconquistadorredloslagos.cl\/test\/blog\/author\/enzodelahoz1988\/"},"rttpg_comment":0,"rttpg_category":"<a href=\"https:\/\/elconquistadorredloslagos.cl\/test\/blog\/category\/actual\/\" rel=\"category tag\">Actualidad<\/a> <a href=\"https:\/\/elconquistadorredloslagos.cl\/test\/blog\/category\/chile\/puerto-montt\/\" rel=\"category tag\">Puerto Montt<\/a>","rttpg_excerpt":"Representantes de diez cuerpos de Bomberos de todo Chile se dieron cita en la capital de la Regi\u00f3n de Los Lagos para compartir experiencias y dise\u00f1ar protocolos para optimizar la..","_links":{"self":[{"href":"https:\/\/elconquistadorredloslagos.cl\/test\/wp-json\/wp\/v2\/posts\/11654","targetHints":{"allow":["GET"]}}],"collection":[{"href":"https:\/\/elconquistadorredloslagos.cl\/test\/wp-json\/wp\/v2\/posts"}],"about":[{"href":"https:\/\/elconquistadorredloslagos.cl\/test\/wp-json\/wp\/v2\/types\/post"}],"author":[{"embeddable":true,"href":"https:\/\/elconquistadorredloslagos.cl\/test\/wp-json\/wp\/v2\/users\/7"}],"replies":[{"embeddable":true,"href":"https:\/\/elconquistadorredloslagos.cl\/test\/wp-json\/wp\/v2\/comments?post=11654"}],"version-history":[{"count":2,"href":"https:\/\/elconquistadorredloslagos.cl\/test\/wp-json\/wp\/v2\/posts\/11654\/revisions"}],"predecessor-version":[{"id":11657,"href":"https:\/\/elconquistadorredloslagos.cl\/test\/wp-json\/wp\/v2\/posts\/11654\/revisions\/11657"}],"wp:featuredmedia":[{"embeddable":true,"href":"https:\/\/elconquistadorredloslagos.cl\/test\/wp-json\/wp\/v2\/media\/11655"}],"wp:attachment":[{"href":"https:\/\/elconquistadorredloslagos.cl\/test\/wp-json\/wp\/v2\/media?parent=11654"}],"wp:term":[{"taxonomy":"category","embeddable":true,"href":"https:\/\/elconquistadorredloslagos.cl\/test\/wp-json\/wp\/v2\/categories?post=11654"},{"taxonomy":"post_tag","embeddable":true,"href":"https:\/\/elconquistadorredloslagos.cl\/test\/wp-json\/wp\/v2\/tags?post=11654"}],"curies":[{"name":"wp","href":"https:\/\/api.w.org\/{rel}","templated":true}]}}