{"id":11533,"date":"2025-06-23T10:51:55","date_gmt":"2025-06-23T14:51:55","guid":{"rendered":"https:\/\/elconquistadorredloslagos.cl\/test\/?p=11533"},"modified":"2025-06-23T10:53:01","modified_gmt":"2025-06-23T14:53:01","slug":"invitan-a-participar-en-la-escuela-ambiental-de-invierno-2025-economia-consumo-y-regeneracion","status":"publish","type":"post","link":"https:\/\/elconquistadorredloslagos.cl\/test\/blog\/2025\/06\/23\/invitan-a-participar-en-la-escuela-ambiental-de-invierno-2025-economia-consumo-y-regeneracion\/","title":{"rendered":"Invitan a participar en la Escuela Ambiental de Invierno 2025: Econom\u00eda, consumo y regeneraci\u00f3n"},"content":{"rendered":"\n<p>El Comit\u00e9 Regional de Educaci\u00f3n Ambiental (CREA) de la Regi\u00f3n de Los Lagos invita a profesionales, estudiantes, organizaciones y ciudadan\u00eda interesada a participar en una nueva versi\u00f3n de la Escuela Ambiental de Invierno, que se realizar\u00e1 entre el 26 y 28 de junio en las dependencias de la Universidad de Los Lagos, en la ciudad de Osorno.<\/p>\n\n\n\n<p>Bajo el t\u00edtulo \u201cEconom\u00eda, consumo y regeneraci\u00f3n: propuestas educativas para un desarrollo sostenible\u201d, esta instancia busca generar un espacio de encuentro y reflexi\u00f3n en torno a formas de intercambio, producci\u00f3n y regeneraci\u00f3n que promuevan un desarrollo m\u00e1s justo y sustentable, desde la mirada de la educaci\u00f3n ambiental.<\/p>\n\n\n\n<p>La Escuela est\u00e1 dirigida a profesionales y t\u00e9cnicos del \u00e1mbito educativo; estudiantes de ense\u00f1anza media, t\u00e9cnicos y universitarios; representantes de organizaciones sociales, del sector p\u00fablico y privado; as\u00ed como a educadores y educadoras, tanto formales como no formales.<\/p>\n\n\n\n<p>Desde el a\u00f1o 2008, esta iniciativa ha convocado a cientos de personas de la regi\u00f3n y del pa\u00eds en jornadas que combinan charlas, talleres pr\u00e1cticos, salidas a terreno, espacios de di\u00e1logo e intercambio de experiencias, convirti\u00e9ndose en un referente nacional en materia de formaci\u00f3n ambiental ciudadana.<\/p>\n\n\n\n<p>Este 2025, el desaf\u00edo es profundizar en las alternativas econ\u00f3micas y regenerativas que pueden incorporarse tanto en comunidades educativas como en territorios locales, promoviendo pr\u00e1cticas coherentes con los principios del desarrollo sostenible y la justicia ambiental.<\/p>\n\n\n\n<p>La invitaci\u00f3n es a sumarse, participar activamente y compartir saberes, experiencias y aprendizajes, contribuyendo al fortalecimiento de una red regional comprometida con el cuidado del entorno y el bienestar de las generaciones presentes y futuras. Para m\u00e1s informaci\u00f3n e inscripci\u00f3n en redes sociales de la Seremi del medio Ambiente.<\/p>\n","protected":false},"excerpt":{"rendered":"<p>El Comit\u00e9 Regional de Educaci\u00f3n Ambiental (CREA) de la Regi\u00f3n de Los Lagos invita a profesionales, estudiantes, organizaciones y ciudadan\u00eda interesada a participar en una nueva versi\u00f3n de la Escuela..<\/p>\n","protected":false},"author":7,"featured_media":11534,"comment_status":"closed","ping_status":"open","sticky":false,"template":"","format":"standard","meta":{"footnotes":""},"categories":[55],"tags":[],"class_list":["post-11533","post","type-post","status-publish","format-standard","has-post-thumbnail","hentry","category-osorno"],"rttpg_featured_image_url":{"full":["https:\/\/elconquistadorredloslagos.cl\/test\/wp-content\/uploads\/2025\/06\/ulagos.png",1920,1080,false],"landscape":["https:\/\/elconquistadorredloslagos.cl\/test\/wp-content\/uploads\/2025\/06\/ulagos.png",1920,1080,false],"portraits":["https:\/\/elconquistadorredloslagos.cl\/test\/wp-content\/uploads\/2025\/06\/ulagos.png",1920,1080,false],"thumbnail":["https:\/\/elconquistadorredloslagos.cl\/test\/wp-content\/uploads\/2025\/06\/ulagos-150x150.png",150,150,true],"medium":["https:\/\/elconquistadorredloslagos.cl\/test\/wp-content\/uploads\/2025\/06\/ulagos-300x169.png",300,169,true],"large":["https:\/\/elconquistadorredloslagos.cl\/test\/wp-content\/uploads\/2025\/06\/ulagos-1024x576.png",1024,576,true],"1536x1536":["https:\/\/elconquistadorredloslagos.cl\/test\/wp-content\/uploads\/2025\/06\/ulagos-1536x864.png",1536,864,true],"2048x2048":["https:\/\/elconquistadorredloslagos.cl\/test\/wp-content\/uploads\/2025\/06\/ulagos.png",1920,1080,false]},"rttpg_author":{"display_name":"enzodelahoz1988","author_link":"https:\/\/elconquistadorredloslagos.cl\/test\/blog\/author\/enzodelahoz1988\/"},"rttpg_comment":0,"rttpg_category":"<a href=\"https:\/\/elconquistadorredloslagos.cl\/test\/blog\/category\/chile\/osorno\/\" rel=\"category tag\">Osorno<\/a>","rttpg_excerpt":"El Comit\u00e9 Regional de Educaci\u00f3n Ambiental (CREA) de la Regi\u00f3n de Los Lagos invita a profesionales, estudiantes, organizaciones y ciudadan\u00eda interesada a participar en una nueva versi\u00f3n de la Escuela..","_links":{"self":[{"href":"https:\/\/elconquistadorredloslagos.cl\/test\/wp-json\/wp\/v2\/posts\/11533","targetHints":{"allow":["GET"]}}],"collection":[{"href":"https:\/\/elconquistadorredloslagos.cl\/test\/wp-json\/wp\/v2\/posts"}],"about":[{"href":"https:\/\/elconquistadorredloslagos.cl\/test\/wp-json\/wp\/v2\/types\/post"}],"author":[{"embeddable":true,"href":"https:\/\/elconquistadorredloslagos.cl\/test\/wp-json\/wp\/v2\/users\/7"}],"replies":[{"embeddable":true,"href":"https:\/\/elconquistadorredloslagos.cl\/test\/wp-json\/wp\/v2\/comments?post=11533"}],"version-history":[{"count":1,"href":"https:\/\/elconquistadorredloslagos.cl\/test\/wp-json\/wp\/v2\/posts\/11533\/revisions"}],"predecessor-version":[{"id":11535,"href":"https:\/\/elconquistadorredloslagos.cl\/test\/wp-json\/wp\/v2\/posts\/11533\/revisions\/11535"}],"wp:featuredmedia":[{"embeddable":true,"href":"https:\/\/elconquistadorredloslagos.cl\/test\/wp-json\/wp\/v2\/media\/11534"}],"wp:attachment":[{"href":"https:\/\/elconquistadorredloslagos.cl\/test\/wp-json\/wp\/v2\/media?parent=11533"}],"wp:term":[{"taxonomy":"category","embeddable":true,"href":"https:\/\/elconquistadorredloslagos.cl\/test\/wp-json\/wp\/v2\/categories?post=11533"},{"taxonomy":"post_tag","embeddable":true,"href":"https:\/\/elconquistadorredloslagos.cl\/test\/wp-json\/wp\/v2\/tags?post=11533"}],"curies":[{"name":"wp","href":"https:\/\/api.w.org\/{rel}","templated":true}]}}