{"id":11468,"date":"2025-06-18T14:31:44","date_gmt":"2025-06-18T18:31:44","guid":{"rendered":"https:\/\/elconquistadorredloslagos.cl\/test\/?p=11468"},"modified":"2025-06-18T14:31:44","modified_gmt":"2025-06-18T18:31:44","slug":"profesores-de-castro-denuncian-presion-del-slep-por-paro-nacional","status":"publish","type":"post","link":"https:\/\/elconquistadorredloslagos.cl\/test\/blog\/2025\/06\/18\/profesores-de-castro-denuncian-presion-del-slep-por-paro-nacional\/","title":{"rendered":"Profesores de Castro denuncian presi\u00f3n del SLEP por paro nacional"},"content":{"rendered":"\n<p>Malestar gener\u00f3 entre el profesorado de Castro un oficio emitido por el Servicio Local de Educaci\u00f3n P\u00fablica (SLEP) Chilo\u00e9, en el que se instruye a las direcciones de escuelas p\u00fablicas identificar a los docentes que participaron en el paro nacional del 4 y 5 de junio, especificando adem\u00e1s su tipo de contrato.<\/p>\n\n\n\n<p>La presidenta comunal del Colegio de Profesores, Isabel Calder\u00f3n, tild\u00f3 la solicitud como \u201cgrav\u00edsima\u201d y denunci\u00f3 que podr\u00eda constituir un acto de presi\u00f3n contra los trabajadores de la educaci\u00f3n. A trav\u00e9s de redes sociales, la dirigenta advirti\u00f3 que esta medida podr\u00eda afectar la estabilidad laboral de quienes ejercen bajo la modalidad de contrata o reemplazo, poniendo en riesgo sus puestos.<\/p>\n\n\n\n<figure class=\"wp-block-audio\"><audio controls src=\"https:\/\/elconquistadorredloslagos.cl\/test\/wp-content\/uploads\/2025\/06\/CUNA-ISABEL-CALDERON.mp3\"><\/audio><\/figure>\n\n\n\n<p>El cuestionado requerimiento surgi\u00f3 luego de la movilizaci\u00f3n convocada en todo el pa\u00eds por el magisterio, en demanda de respuestas concretas a su Agenda Corta. Posteriormente, el Ministerio de Educaci\u00f3n entreg\u00f3 un documento de respuesta, el que est\u00e1 siendo analizado por las bases del gremio, a fin de determinar las acciones a seguir en unidad.<\/p>\n\n\n\n<p><\/p>\n","protected":false},"excerpt":{"rendered":"<p>Malestar gener\u00f3 entre el profesorado de Castro un oficio emitido por el Servicio Local de Educaci\u00f3n P\u00fablica (SLEP) Chilo\u00e9, en el que se instruye a las direcciones de escuelas p\u00fablicas..<\/p>\n","protected":false},"author":2,"featured_media":11470,"comment_status":"closed","ping_status":"open","sticky":false,"template":"","format":"standard","meta":{"footnotes":""},"categories":[1,28,51,52],"tags":[],"class_list":["post-11468","post","type-post","status-publish","format-standard","has-post-thumbnail","hentry","category-acontecer","category-actual","category-chiloe","category-chile"],"rttpg_featured_image_url":{"full":["https:\/\/elconquistadorredloslagos.cl\/test\/wp-content\/uploads\/2025\/06\/IMG-58.jpg",1920,1080,false],"landscape":["https:\/\/elconquistadorredloslagos.cl\/test\/wp-content\/uploads\/2025\/06\/IMG-58.jpg",1920,1080,false],"portraits":["https:\/\/elconquistadorredloslagos.cl\/test\/wp-content\/uploads\/2025\/06\/IMG-58.jpg",1920,1080,false],"thumbnail":["https:\/\/elconquistadorredloslagos.cl\/test\/wp-content\/uploads\/2025\/06\/IMG-58-150x150.jpg",150,150,true],"medium":["https:\/\/elconquistadorredloslagos.cl\/test\/wp-content\/uploads\/2025\/06\/IMG-58-300x169.jpg",300,169,true],"large":["https:\/\/elconquistadorredloslagos.cl\/test\/wp-content\/uploads\/2025\/06\/IMG-58-1024x576.jpg",1024,576,true],"1536x1536":["https:\/\/elconquistadorredloslagos.cl\/test\/wp-content\/uploads\/2025\/06\/IMG-58-1536x864.jpg",1536,864,true],"2048x2048":["https:\/\/elconquistadorredloslagos.cl\/test\/wp-content\/uploads\/2025\/06\/IMG-58.jpg",1920,1080,false]},"rttpg_author":{"display_name":"ccardenas","author_link":"https:\/\/elconquistadorredloslagos.cl\/test\/blog\/author\/ccardenas\/"},"rttpg_comment":0,"rttpg_category":"<a href=\"https:\/\/elconquistadorredloslagos.cl\/test\/blog\/category\/actual\/acontecer\/\" rel=\"category tag\">Acontecer<\/a> <a href=\"https:\/\/elconquistadorredloslagos.cl\/test\/blog\/category\/actual\/\" rel=\"category tag\">Actualidad<\/a> <a href=\"https:\/\/elconquistadorredloslagos.cl\/test\/blog\/category\/chile\/chiloe\/\" rel=\"category tag\">Chilo\u00e9<\/a> <a href=\"https:\/\/elconquistadorredloslagos.cl\/test\/blog\/category\/chile\/\" rel=\"category tag\">Nacional<\/a>","rttpg_excerpt":"Malestar gener\u00f3 entre el profesorado de Castro un oficio emitido por el Servicio Local de Educaci\u00f3n P\u00fablica (SLEP) Chilo\u00e9, en el que se instruye a las direcciones de escuelas p\u00fablicas..","_links":{"self":[{"href":"https:\/\/elconquistadorredloslagos.cl\/test\/wp-json\/wp\/v2\/posts\/11468","targetHints":{"allow":["GET"]}}],"collection":[{"href":"https:\/\/elconquistadorredloslagos.cl\/test\/wp-json\/wp\/v2\/posts"}],"about":[{"href":"https:\/\/elconquistadorredloslagos.cl\/test\/wp-json\/wp\/v2\/types\/post"}],"author":[{"embeddable":true,"href":"https:\/\/elconquistadorredloslagos.cl\/test\/wp-json\/wp\/v2\/users\/2"}],"replies":[{"embeddable":true,"href":"https:\/\/elconquistadorredloslagos.cl\/test\/wp-json\/wp\/v2\/comments?post=11468"}],"version-history":[{"count":1,"href":"https:\/\/elconquistadorredloslagos.cl\/test\/wp-json\/wp\/v2\/posts\/11468\/revisions"}],"predecessor-version":[{"id":11471,"href":"https:\/\/elconquistadorredloslagos.cl\/test\/wp-json\/wp\/v2\/posts\/11468\/revisions\/11471"}],"wp:featuredmedia":[{"embeddable":true,"href":"https:\/\/elconquistadorredloslagos.cl\/test\/wp-json\/wp\/v2\/media\/11470"}],"wp:attachment":[{"href":"https:\/\/elconquistadorredloslagos.cl\/test\/wp-json\/wp\/v2\/media?parent=11468"}],"wp:term":[{"taxonomy":"category","embeddable":true,"href":"https:\/\/elconquistadorredloslagos.cl\/test\/wp-json\/wp\/v2\/categories?post=11468"},{"taxonomy":"post_tag","embeddable":true,"href":"https:\/\/elconquistadorredloslagos.cl\/test\/wp-json\/wp\/v2\/tags?post=11468"}],"curies":[{"name":"wp","href":"https:\/\/api.w.org\/{rel}","templated":true}]}}