{"id":11459,"date":"2025-06-18T14:14:36","date_gmt":"2025-06-18T18:14:36","guid":{"rendered":"https:\/\/elconquistadorredloslagos.cl\/test\/?p=11459"},"modified":"2025-06-18T14:14:37","modified_gmt":"2025-06-18T18:14:37","slug":"muere-trabajador-tras-caida-de-arbol-durante-faena-forestal-en-ancud","status":"publish","type":"post","link":"https:\/\/elconquistadorredloslagos.cl\/test\/blog\/2025\/06\/18\/muere-trabajador-tras-caida-de-arbol-durante-faena-forestal-en-ancud\/","title":{"rendered":"Muere trabajador tras ca\u00edda de \u00e1rbol durante faena forestal en Ancud"},"content":{"rendered":"\n<p>Un fatal accidente laboral se registr\u00f3 la tarde del martes en un predio rural de Ancud, luego que un trabajador forestal de 59 a\u00f1os perdiera la vida tras ser golpeado por un eucalipto de gran altura mientras participaba en una tala para producci\u00f3n de le\u00f1a.<\/p>\n\n\n\n<p>El hecho ocurri\u00f3 en las inmediaciones de la Ruta 5 Sur, durante labores de destronque con maquinaria pesada. Seg\u00fan la Polic\u00eda de Investigaciones, el \u00e1rbol cay\u00f3 de manera sorpresiva sobre el operario, caus\u00e1ndole heridas fatales. Personal del Servicio de Atenci\u00f3n de Urgencia (SAMU) Chilo\u00e9, encabezado por Sebasti\u00e1n Schomolz, confirm\u00f3 su deceso en el lugar.<\/p>\n\n\n\n<figure class=\"wp-block-audio\"><audio controls src=\"https:\/\/elconquistadorredloslagos.cl\/test\/wp-content\/uploads\/2025\/06\/CUNA-SEBASTIAN-SCHOMOLZ.mp3\"><\/audio><\/figure>\n\n\n\n<p>Hasta el sitio se traslad\u00f3 la Brigada de Homicidios (BH) de la PDI de Castro, que efectu\u00f3 peritajes y tom\u00f3 declaraciones. De acuerdo con lo informado por el subprefecto Marco Manr\u00edquez, se identific\u00f3 una posible responsabilidad en el operador de la excavadora de 55 a\u00f1os, quien fue detenido por cuasidelito de homicidio.<\/p>\n\n\n\n<figure class=\"wp-block-audio\"><audio controls src=\"https:\/\/elconquistadorredloslagos.cl\/test\/wp-content\/uploads\/2025\/06\/CUNA-PDI.mp3\"><\/audio><\/figure>\n\n\n\n<p>El imputado ser\u00e1 formalizado este mi\u00e9rcoles en el Juzgado de Garant\u00eda de Ancud. En paralelo, se anticipan fiscalizaciones por parte de la SEREMI de Salud y la Direcci\u00f3n del Trabajo, para evaluar las condiciones en que se ejecutaban las labores.<\/p>\n\n\n\n<p><\/p>\n","protected":false},"excerpt":{"rendered":"<p>Un fatal accidente laboral se registr\u00f3 la tarde del martes en un predio rural de Ancud, luego que un trabajador forestal de 59 a\u00f1os perdiera la vida tras ser golpeado..<\/p>\n","protected":false},"author":2,"featured_media":11462,"comment_status":"closed","ping_status":"open","sticky":false,"template":"","format":"standard","meta":{"footnotes":""},"categories":[1,28,51],"tags":[],"class_list":["post-11459","post","type-post","status-publish","format-standard","has-post-thumbnail","hentry","category-acontecer","category-actual","category-chiloe"],"rttpg_featured_image_url":{"full":["https:\/\/elconquistadorredloslagos.cl\/test\/wp-content\/uploads\/2025\/06\/IMG-56.jpg",1920,1080,false],"landscape":["https:\/\/elconquistadorredloslagos.cl\/test\/wp-content\/uploads\/2025\/06\/IMG-56.jpg",1920,1080,false],"portraits":["https:\/\/elconquistadorredloslagos.cl\/test\/wp-content\/uploads\/2025\/06\/IMG-56.jpg",1920,1080,false],"thumbnail":["https:\/\/elconquistadorredloslagos.cl\/test\/wp-content\/uploads\/2025\/06\/IMG-56-150x150.jpg",150,150,true],"medium":["https:\/\/elconquistadorredloslagos.cl\/test\/wp-content\/uploads\/2025\/06\/IMG-56-300x169.jpg",300,169,true],"large":["https:\/\/elconquistadorredloslagos.cl\/test\/wp-content\/uploads\/2025\/06\/IMG-56-1024x576.jpg",1024,576,true],"1536x1536":["https:\/\/elconquistadorredloslagos.cl\/test\/wp-content\/uploads\/2025\/06\/IMG-56-1536x864.jpg",1536,864,true],"2048x2048":["https:\/\/elconquistadorredloslagos.cl\/test\/wp-content\/uploads\/2025\/06\/IMG-56.jpg",1920,1080,false]},"rttpg_author":{"display_name":"ccardenas","author_link":"https:\/\/elconquistadorredloslagos.cl\/test\/blog\/author\/ccardenas\/"},"rttpg_comment":0,"rttpg_category":"<a href=\"https:\/\/elconquistadorredloslagos.cl\/test\/blog\/category\/actual\/acontecer\/\" rel=\"category tag\">Acontecer<\/a> <a href=\"https:\/\/elconquistadorredloslagos.cl\/test\/blog\/category\/actual\/\" rel=\"category tag\">Actualidad<\/a> <a href=\"https:\/\/elconquistadorredloslagos.cl\/test\/blog\/category\/chile\/chiloe\/\" rel=\"category tag\">Chilo\u00e9<\/a>","rttpg_excerpt":"Un fatal accidente laboral se registr\u00f3 la tarde del martes en un predio rural de Ancud, luego que un trabajador forestal de 59 a\u00f1os perdiera la vida tras ser golpeado..","_links":{"self":[{"href":"https:\/\/elconquistadorredloslagos.cl\/test\/wp-json\/wp\/v2\/posts\/11459","targetHints":{"allow":["GET"]}}],"collection":[{"href":"https:\/\/elconquistadorredloslagos.cl\/test\/wp-json\/wp\/v2\/posts"}],"about":[{"href":"https:\/\/elconquistadorredloslagos.cl\/test\/wp-json\/wp\/v2\/types\/post"}],"author":[{"embeddable":true,"href":"https:\/\/elconquistadorredloslagos.cl\/test\/wp-json\/wp\/v2\/users\/2"}],"replies":[{"embeddable":true,"href":"https:\/\/elconquistadorredloslagos.cl\/test\/wp-json\/wp\/v2\/comments?post=11459"}],"version-history":[{"count":1,"href":"https:\/\/elconquistadorredloslagos.cl\/test\/wp-json\/wp\/v2\/posts\/11459\/revisions"}],"predecessor-version":[{"id":11463,"href":"https:\/\/elconquistadorredloslagos.cl\/test\/wp-json\/wp\/v2\/posts\/11459\/revisions\/11463"}],"wp:featuredmedia":[{"embeddable":true,"href":"https:\/\/elconquistadorredloslagos.cl\/test\/wp-json\/wp\/v2\/media\/11462"}],"wp:attachment":[{"href":"https:\/\/elconquistadorredloslagos.cl\/test\/wp-json\/wp\/v2\/media?parent=11459"}],"wp:term":[{"taxonomy":"category","embeddable":true,"href":"https:\/\/elconquistadorredloslagos.cl\/test\/wp-json\/wp\/v2\/categories?post=11459"},{"taxonomy":"post_tag","embeddable":true,"href":"https:\/\/elconquistadorredloslagos.cl\/test\/wp-json\/wp\/v2\/tags?post=11459"}],"curies":[{"name":"wp","href":"https:\/\/api.w.org\/{rel}","templated":true}]}}