{"id":11450,"date":"2025-06-17T16:27:21","date_gmt":"2025-06-17T20:27:21","guid":{"rendered":"https:\/\/elconquistadorredloslagos.cl\/test\/?p=11450"},"modified":"2025-06-17T16:27:22","modified_gmt":"2025-06-17T20:27:22","slug":"detienen-a-sospechoso-por-crimen-de-joven-de-23-anos-en-puerto-montt","status":"publish","type":"post","link":"https:\/\/elconquistadorredloslagos.cl\/test\/blog\/2025\/06\/17\/detienen-a-sospechoso-por-crimen-de-joven-de-23-anos-en-puerto-montt\/","title":{"rendered":"Detienen a sospechoso por crimen de joven de 23 a\u00f1os en Puerto Montt"},"content":{"rendered":"\n<p>Durante la madrugada de este martes, detectives de la Brigada de Homicidios (BH) de la PDI de Puerto Montt, detuvieron a un sujeto que estar\u00eda vinculado al homicidio de un joven de 23 a\u00f1os, ocurrido el pasado 15 de junio. El crimen tuvo lugar en la intersecci\u00f3n de avenida Presidente Ib\u00e1\u00f1ez con calle Las Camelias, en la capital regional de Los Lagos.<\/p>\n\n\n\n<p>La fiscal del Ministerio P\u00fablico Pamela Salgado, confirm\u00f3 que la detenci\u00f3n se realiz\u00f3 en coordinaci\u00f3n con la Fiscal\u00eda y forma parte de las diligencias en curso para esclarecer los hechos adem\u00e1s de establecer responsabilidades.<\/p>\n\n\n\n<p>En las \u00faltimas horas se realiz\u00f3 el control de detenci\u00f3n ante el tribunal, instancia en la que se declar\u00f3 legal la captura. Adem\u00e1s, el Ministerio P\u00fablico solicit\u00f3 ampliar el plazo de detenci\u00f3n hasta este mi\u00e9rcoles a las 11.00 horas, con el fin de reunir m\u00e1s antecedentes que permitan la formalizaci\u00f3n del imputado.<\/p>\n\n\n\n<p>Las investigaciones contin\u00faan activas para determinar la participaci\u00f3n exacta del detenido en el homicidio que conmocion\u00f3 a la comunidad.<\/p>\n\n\n\n<p>\ud83d\udcf7 Redes sociales<\/p>\n","protected":false},"excerpt":{"rendered":"<p>Durante la madrugada de este martes, detectives de la Brigada de Homicidios (BH) de la PDI de Puerto Montt, detuvieron a un sujeto que estar\u00eda vinculado al homicidio de un..<\/p>\n","protected":false},"author":2,"featured_media":11451,"comment_status":"closed","ping_status":"open","sticky":false,"template":"","format":"standard","meta":{"footnotes":""},"categories":[1,28,56],"tags":[],"class_list":["post-11450","post","type-post","status-publish","format-standard","has-post-thumbnail","hentry","category-acontecer","category-actual","category-puerto-montt"],"rttpg_featured_image_url":{"full":["https:\/\/elconquistadorredloslagos.cl\/test\/wp-content\/uploads\/2025\/06\/Diseno-sin-titulo-12.jpg",1920,1080,false],"landscape":["https:\/\/elconquistadorredloslagos.cl\/test\/wp-content\/uploads\/2025\/06\/Diseno-sin-titulo-12.jpg",1920,1080,false],"portraits":["https:\/\/elconquistadorredloslagos.cl\/test\/wp-content\/uploads\/2025\/06\/Diseno-sin-titulo-12.jpg",1920,1080,false],"thumbnail":["https:\/\/elconquistadorredloslagos.cl\/test\/wp-content\/uploads\/2025\/06\/Diseno-sin-titulo-12-150x150.jpg",150,150,true],"medium":["https:\/\/elconquistadorredloslagos.cl\/test\/wp-content\/uploads\/2025\/06\/Diseno-sin-titulo-12-300x169.jpg",300,169,true],"large":["https:\/\/elconquistadorredloslagos.cl\/test\/wp-content\/uploads\/2025\/06\/Diseno-sin-titulo-12-1024x576.jpg",1024,576,true],"1536x1536":["https:\/\/elconquistadorredloslagos.cl\/test\/wp-content\/uploads\/2025\/06\/Diseno-sin-titulo-12-1536x864.jpg",1536,864,true],"2048x2048":["https:\/\/elconquistadorredloslagos.cl\/test\/wp-content\/uploads\/2025\/06\/Diseno-sin-titulo-12.jpg",1920,1080,false]},"rttpg_author":{"display_name":"ccardenas","author_link":"https:\/\/elconquistadorredloslagos.cl\/test\/blog\/author\/ccardenas\/"},"rttpg_comment":0,"rttpg_category":"<a href=\"https:\/\/elconquistadorredloslagos.cl\/test\/blog\/category\/actual\/acontecer\/\" rel=\"category tag\">Acontecer<\/a> <a href=\"https:\/\/elconquistadorredloslagos.cl\/test\/blog\/category\/actual\/\" rel=\"category tag\">Actualidad<\/a> <a href=\"https:\/\/elconquistadorredloslagos.cl\/test\/blog\/category\/chile\/puerto-montt\/\" rel=\"category tag\">Puerto Montt<\/a>","rttpg_excerpt":"Durante la madrugada de este martes, detectives de la Brigada de Homicidios (BH) de la PDI de Puerto Montt, detuvieron a un sujeto que estar\u00eda vinculado al homicidio de un..","_links":{"self":[{"href":"https:\/\/elconquistadorredloslagos.cl\/test\/wp-json\/wp\/v2\/posts\/11450","targetHints":{"allow":["GET"]}}],"collection":[{"href":"https:\/\/elconquistadorredloslagos.cl\/test\/wp-json\/wp\/v2\/posts"}],"about":[{"href":"https:\/\/elconquistadorredloslagos.cl\/test\/wp-json\/wp\/v2\/types\/post"}],"author":[{"embeddable":true,"href":"https:\/\/elconquistadorredloslagos.cl\/test\/wp-json\/wp\/v2\/users\/2"}],"replies":[{"embeddable":true,"href":"https:\/\/elconquistadorredloslagos.cl\/test\/wp-json\/wp\/v2\/comments?post=11450"}],"version-history":[{"count":1,"href":"https:\/\/elconquistadorredloslagos.cl\/test\/wp-json\/wp\/v2\/posts\/11450\/revisions"}],"predecessor-version":[{"id":11452,"href":"https:\/\/elconquistadorredloslagos.cl\/test\/wp-json\/wp\/v2\/posts\/11450\/revisions\/11452"}],"wp:featuredmedia":[{"embeddable":true,"href":"https:\/\/elconquistadorredloslagos.cl\/test\/wp-json\/wp\/v2\/media\/11451"}],"wp:attachment":[{"href":"https:\/\/elconquistadorredloslagos.cl\/test\/wp-json\/wp\/v2\/media?parent=11450"}],"wp:term":[{"taxonomy":"category","embeddable":true,"href":"https:\/\/elconquistadorredloslagos.cl\/test\/wp-json\/wp\/v2\/categories?post=11450"},{"taxonomy":"post_tag","embeddable":true,"href":"https:\/\/elconquistadorredloslagos.cl\/test\/wp-json\/wp\/v2\/tags?post=11450"}],"curies":[{"name":"wp","href":"https:\/\/api.w.org\/{rel}","templated":true}]}}