{"id":11435,"date":"2025-06-17T14:49:50","date_gmt":"2025-06-17T18:49:50","guid":{"rendered":"https:\/\/elconquistadorredloslagos.cl\/test\/?p=11435"},"modified":"2025-06-17T14:49:51","modified_gmt":"2025-06-17T18:49:51","slug":"nacional-claudio-orrego-declara-ante-fiscalia-en-investigacion-por-presunto-fraude-al-fisco","status":"publish","type":"post","link":"https:\/\/elconquistadorredloslagos.cl\/test\/blog\/2025\/06\/17\/nacional-claudio-orrego-declara-ante-fiscalia-en-investigacion-por-presunto-fraude-al-fisco\/","title":{"rendered":"NACIONAL: Claudio Orrego declara ante Fiscal\u00eda en investigaci\u00f3n por presunto fraude al Fisco"},"content":{"rendered":"\n<p>El gobernador de la Regi\u00f3n Metropolitana, Claudio Orrego, prest\u00f3 declaraci\u00f3n este martes ante la Fiscal\u00eda Oriente en calidad de imputado, en el marco de una investigaci\u00f3n por presunto fraude al Fisco.<\/p>\n\n\n\n<p>La indagatoria se origin\u00f3 tras un informe de la Contralor\u00eda General de la Rep\u00fablica, que detect\u00f3 presuntas irregularidades en el uso de fondos p\u00fablicos por parte del Gobierno Regional Metropolitano.<\/p>\n\n\n\n<p>Entre los hallazgos se cuestiona la contrataci\u00f3n de asesor\u00edas por m\u00e1s de 31 millones de pesos, se\u00f1alando que estas habr\u00edan estado relacionadas con la campa\u00f1a pol\u00edtica de Orrego, y no con actividades propias de la administraci\u00f3n regional.<\/p>\n\n\n\n<p>El organismo contralor tambi\u00e9n advirti\u00f3 la existencia de contrataciones directas a distintas empresas sin cumplir con los procesos de acreditaci\u00f3n exigidos por la normativa vigente.<\/p>\n\n\n\n<p>La declaraci\u00f3n del gobernador se produce un d\u00eda despu\u00e9s de que la Fiscal\u00eda incautara equipos electr\u00f3nicos desde sus oficinas, diligencia realizada en el contexto de la misma investigaci\u00f3n.<\/p>\n\n\n\n<p>\ud83d\udcf7 AGENCIA UNO<\/p>\n","protected":false},"excerpt":{"rendered":"<p>El gobernador de la Regi\u00f3n Metropolitana, Claudio Orrego, prest\u00f3 declaraci\u00f3n este martes ante la Fiscal\u00eda Oriente en calidad de imputado, en el marco de una investigaci\u00f3n por presunto fraude al..<\/p>\n","protected":false},"author":2,"featured_media":11436,"comment_status":"closed","ping_status":"open","sticky":false,"template":"","format":"standard","meta":{"footnotes":""},"categories":[1,28,52,38],"tags":[],"class_list":["post-11435","post","type-post","status-publish","format-standard","has-post-thumbnail","hentry","category-acontecer","category-actual","category-chile","category-politica"],"rttpg_featured_image_url":{"full":["https:\/\/elconquistadorredloslagos.cl\/test\/wp-content\/uploads\/2025\/06\/Diseno-sin-titulo-9.jpg",1920,1080,false],"landscape":["https:\/\/elconquistadorredloslagos.cl\/test\/wp-content\/uploads\/2025\/06\/Diseno-sin-titulo-9.jpg",1920,1080,false],"portraits":["https:\/\/elconquistadorredloslagos.cl\/test\/wp-content\/uploads\/2025\/06\/Diseno-sin-titulo-9.jpg",1920,1080,false],"thumbnail":["https:\/\/elconquistadorredloslagos.cl\/test\/wp-content\/uploads\/2025\/06\/Diseno-sin-titulo-9-150x150.jpg",150,150,true],"medium":["https:\/\/elconquistadorredloslagos.cl\/test\/wp-content\/uploads\/2025\/06\/Diseno-sin-titulo-9-300x169.jpg",300,169,true],"large":["https:\/\/elconquistadorredloslagos.cl\/test\/wp-content\/uploads\/2025\/06\/Diseno-sin-titulo-9-1024x576.jpg",1024,576,true],"1536x1536":["https:\/\/elconquistadorredloslagos.cl\/test\/wp-content\/uploads\/2025\/06\/Diseno-sin-titulo-9-1536x864.jpg",1536,864,true],"2048x2048":["https:\/\/elconquistadorredloslagos.cl\/test\/wp-content\/uploads\/2025\/06\/Diseno-sin-titulo-9.jpg",1920,1080,false]},"rttpg_author":{"display_name":"ccardenas","author_link":"https:\/\/elconquistadorredloslagos.cl\/test\/blog\/author\/ccardenas\/"},"rttpg_comment":0,"rttpg_category":"<a href=\"https:\/\/elconquistadorredloslagos.cl\/test\/blog\/category\/actual\/acontecer\/\" rel=\"category tag\">Acontecer<\/a> <a href=\"https:\/\/elconquistadorredloslagos.cl\/test\/blog\/category\/actual\/\" rel=\"category tag\">Actualidad<\/a> <a href=\"https:\/\/elconquistadorredloslagos.cl\/test\/blog\/category\/chile\/\" rel=\"category tag\">Nacional<\/a> <a href=\"https:\/\/elconquistadorredloslagos.cl\/test\/blog\/category\/actual\/politica\/\" rel=\"category tag\">Politica<\/a>","rttpg_excerpt":"El gobernador de la Regi\u00f3n Metropolitana, Claudio Orrego, prest\u00f3 declaraci\u00f3n este martes ante la Fiscal\u00eda Oriente en calidad de imputado, en el marco de una investigaci\u00f3n por presunto fraude al..","_links":{"self":[{"href":"https:\/\/elconquistadorredloslagos.cl\/test\/wp-json\/wp\/v2\/posts\/11435","targetHints":{"allow":["GET"]}}],"collection":[{"href":"https:\/\/elconquistadorredloslagos.cl\/test\/wp-json\/wp\/v2\/posts"}],"about":[{"href":"https:\/\/elconquistadorredloslagos.cl\/test\/wp-json\/wp\/v2\/types\/post"}],"author":[{"embeddable":true,"href":"https:\/\/elconquistadorredloslagos.cl\/test\/wp-json\/wp\/v2\/users\/2"}],"replies":[{"embeddable":true,"href":"https:\/\/elconquistadorredloslagos.cl\/test\/wp-json\/wp\/v2\/comments?post=11435"}],"version-history":[{"count":1,"href":"https:\/\/elconquistadorredloslagos.cl\/test\/wp-json\/wp\/v2\/posts\/11435\/revisions"}],"predecessor-version":[{"id":11437,"href":"https:\/\/elconquistadorredloslagos.cl\/test\/wp-json\/wp\/v2\/posts\/11435\/revisions\/11437"}],"wp:featuredmedia":[{"embeddable":true,"href":"https:\/\/elconquistadorredloslagos.cl\/test\/wp-json\/wp\/v2\/media\/11436"}],"wp:attachment":[{"href":"https:\/\/elconquistadorredloslagos.cl\/test\/wp-json\/wp\/v2\/media?parent=11435"}],"wp:term":[{"taxonomy":"category","embeddable":true,"href":"https:\/\/elconquistadorredloslagos.cl\/test\/wp-json\/wp\/v2\/categories?post=11435"},{"taxonomy":"post_tag","embeddable":true,"href":"https:\/\/elconquistadorredloslagos.cl\/test\/wp-json\/wp\/v2\/tags?post=11435"}],"curies":[{"name":"wp","href":"https:\/\/api.w.org\/{rel}","templated":true}]}}