{"id":11432,"date":"2025-06-17T14:40:12","date_gmt":"2025-06-17T18:40:12","guid":{"rendered":"https:\/\/elconquistadorredloslagos.cl\/test\/?p=11432"},"modified":"2025-06-17T14:40:13","modified_gmt":"2025-06-17T18:40:13","slug":"condenan-a-diez-anos-de-carcel-a-pareja-por-crimen-en-chonchi","status":"publish","type":"post","link":"https:\/\/elconquistadorredloslagos.cl\/test\/blog\/2025\/06\/17\/condenan-a-diez-anos-de-carcel-a-pareja-por-crimen-en-chonchi\/","title":{"rendered":"Condenan a diez a\u00f1os de c\u00e1rcel a pareja por crimen en Chonchi"},"content":{"rendered":"\n<p>El Tribunal Oral en lo Penal de Castro dict\u00f3 este lunes la sentencia contra una pareja condenada por el homicidio de un hombre ocurrido en abril de 2023 en el sector Marina Huitauque, en la comuna de Chonchi. La v\u00edctima fue asesinada por su propia hermana, quien actu\u00f3 en complicidad con un hombre, ambos ahora sentenciados a diez a\u00f1os y un d\u00eda de presidio efectivo.<\/p>\n\n\n\n<p>El Ministerio P\u00fablico inform\u00f3 que el caso implic\u00f3 una compleja investigaci\u00f3n. Los responsables fueron capturados apenas dos meses despu\u00e9s del crimen: la mujer en Castro y su c\u00f3mplice en Punta Arenas.<\/p>\n\n\n\n<p>Aunque la Fiscal\u00eda solicitaba penas de 15 a\u00f1os para la mujer y 12 para el hombre, el tribunal resolvi\u00f3 imponer la misma condena para ambos. El fiscal Enrique Canales valor\u00f3 el fallo y subray\u00f3 la especial gravedad del caso por el v\u00ednculo familiar entre v\u00edctima y victimaria, hecho considerado como agravante por los jueces.<\/p>\n\n\n\n<figure class=\"wp-block-embed is-type-rich is-provider-gestor-del-servicio wp-block-embed-gestor-del-servicio\"><div class=\"wp-block-embed__wrapper\">\n  <div style=\"width: 640px;\" class=\"wp-video\"><video class=\"wp-video-shortcode\" id=\"video-11432-1\" width=\"640\" height=\"360\" preload=\"metadata\" controls=\"controls\"><source type=\"video\/mp4\" src=\"https:\/\/elconquistadorredloslagos.cl\/test\/md\/fiscalquellon.mp4?_=1\" \/><a href=\"https:\/\/elconquistadorredloslagos.cl\/test\/md\/fiscalquellon.mp4\">https:\/\/elconquistadorredloslagos.cl\/test\/md\/fiscalquellon.mp4<\/a><\/video><\/div>\n<\/div><\/figure>\n\n\n\n<p>El esclarecimiento del crimen fue posible gracias a los peritajes del Servicio M\u00e9dico Legal, las diligencias realizadas por la Polic\u00eda de Investigaciones y testimonios clave que permitieron reconstruir los hechos.<\/p>\n\n\n\n<p><\/p>\n","protected":false},"excerpt":{"rendered":"<p>El Tribunal Oral en lo Penal de Castro dict\u00f3 este lunes la sentencia contra una pareja condenada por el homicidio de un hombre ocurrido en abril de 2023 en el..<\/p>\n","protected":false},"author":2,"featured_media":11433,"comment_status":"closed","ping_status":"open","sticky":false,"template":"","format":"standard","meta":{"footnotes":""},"categories":[1,28,51],"tags":[],"class_list":["post-11432","post","type-post","status-publish","format-standard","has-post-thumbnail","hentry","category-acontecer","category-actual","category-chiloe"],"rttpg_featured_image_url":{"full":["https:\/\/elconquistadorredloslagos.cl\/test\/wp-content\/uploads\/2025\/06\/Diseno-sin-titulo-8.jpg",1920,1080,false],"landscape":["https:\/\/elconquistadorredloslagos.cl\/test\/wp-content\/uploads\/2025\/06\/Diseno-sin-titulo-8.jpg",1920,1080,false],"portraits":["https:\/\/elconquistadorredloslagos.cl\/test\/wp-content\/uploads\/2025\/06\/Diseno-sin-titulo-8.jpg",1920,1080,false],"thumbnail":["https:\/\/elconquistadorredloslagos.cl\/test\/wp-content\/uploads\/2025\/06\/Diseno-sin-titulo-8-150x150.jpg",150,150,true],"medium":["https:\/\/elconquistadorredloslagos.cl\/test\/wp-content\/uploads\/2025\/06\/Diseno-sin-titulo-8-300x169.jpg",300,169,true],"large":["https:\/\/elconquistadorredloslagos.cl\/test\/wp-content\/uploads\/2025\/06\/Diseno-sin-titulo-8-1024x576.jpg",1024,576,true],"1536x1536":["https:\/\/elconquistadorredloslagos.cl\/test\/wp-content\/uploads\/2025\/06\/Diseno-sin-titulo-8-1536x864.jpg",1536,864,true],"2048x2048":["https:\/\/elconquistadorredloslagos.cl\/test\/wp-content\/uploads\/2025\/06\/Diseno-sin-titulo-8.jpg",1920,1080,false]},"rttpg_author":{"display_name":"ccardenas","author_link":"https:\/\/elconquistadorredloslagos.cl\/test\/blog\/author\/ccardenas\/"},"rttpg_comment":0,"rttpg_category":"<a href=\"https:\/\/elconquistadorredloslagos.cl\/test\/blog\/category\/actual\/acontecer\/\" rel=\"category tag\">Acontecer<\/a> <a href=\"https:\/\/elconquistadorredloslagos.cl\/test\/blog\/category\/actual\/\" rel=\"category tag\">Actualidad<\/a> <a href=\"https:\/\/elconquistadorredloslagos.cl\/test\/blog\/category\/chile\/chiloe\/\" rel=\"category tag\">Chilo\u00e9<\/a>","rttpg_excerpt":"El Tribunal Oral en lo Penal de Castro dict\u00f3 este lunes la sentencia contra una pareja condenada por el homicidio de un hombre ocurrido en abril de 2023 en el..","_links":{"self":[{"href":"https:\/\/elconquistadorredloslagos.cl\/test\/wp-json\/wp\/v2\/posts\/11432","targetHints":{"allow":["GET"]}}],"collection":[{"href":"https:\/\/elconquistadorredloslagos.cl\/test\/wp-json\/wp\/v2\/posts"}],"about":[{"href":"https:\/\/elconquistadorredloslagos.cl\/test\/wp-json\/wp\/v2\/types\/post"}],"author":[{"embeddable":true,"href":"https:\/\/elconquistadorredloslagos.cl\/test\/wp-json\/wp\/v2\/users\/2"}],"replies":[{"embeddable":true,"href":"https:\/\/elconquistadorredloslagos.cl\/test\/wp-json\/wp\/v2\/comments?post=11432"}],"version-history":[{"count":1,"href":"https:\/\/elconquistadorredloslagos.cl\/test\/wp-json\/wp\/v2\/posts\/11432\/revisions"}],"predecessor-version":[{"id":11434,"href":"https:\/\/elconquistadorredloslagos.cl\/test\/wp-json\/wp\/v2\/posts\/11432\/revisions\/11434"}],"wp:featuredmedia":[{"embeddable":true,"href":"https:\/\/elconquistadorredloslagos.cl\/test\/wp-json\/wp\/v2\/media\/11433"}],"wp:attachment":[{"href":"https:\/\/elconquistadorredloslagos.cl\/test\/wp-json\/wp\/v2\/media?parent=11432"}],"wp:term":[{"taxonomy":"category","embeddable":true,"href":"https:\/\/elconquistadorredloslagos.cl\/test\/wp-json\/wp\/v2\/categories?post=11432"},{"taxonomy":"post_tag","embeddable":true,"href":"https:\/\/elconquistadorredloslagos.cl\/test\/wp-json\/wp\/v2\/tags?post=11432"}],"curies":[{"name":"wp","href":"https:\/\/api.w.org\/{rel}","templated":true}]}}