{"id":11423,"date":"2025-06-17T10:04:04","date_gmt":"2025-06-17T14:04:04","guid":{"rendered":"https:\/\/elconquistadorredloslagos.cl\/test\/?p=11423"},"modified":"2025-06-17T10:04:04","modified_gmt":"2025-06-17T14:04:04","slug":"filtraciones-afectan-casas-de-emergencia-entregadas-tras-tornado-en-puerto-varas","status":"publish","type":"post","link":"https:\/\/elconquistadorredloslagos.cl\/test\/blog\/2025\/06\/17\/filtraciones-afectan-casas-de-emergencia-entregadas-tras-tornado-en-puerto-varas\/","title":{"rendered":"Filtraciones afectan casas de emergencia entregadas tras tornado en Puerto Varas"},"content":{"rendered":"\n<p>Filtraciones de agua, desperfectos estructurales y el desborde de un arroyo marcaron un nuevo episodio de emergencia en la denominada zona cero del tornado en Puerto Varas. Las lluvias del fin de semana, volvieron a evidenciar fallas en las viviendas de emergencia entregadas tras el fen\u00f3meno clim\u00e1tico de mayo.<\/p>\n\n\n\n<p>Algunos pobladores reportaron que los inmuebles quedaron inhabitables, debido al ingreso de agua por ventanas y piso mal instalado.<\/p>\n\n\n\n<p>En otros sectores se inform\u00f3 del desborde de un riachuelo que atraves\u00f3 un pasaje sin alcanzar las viviendas, emergencia que fue contenida por Bomberos y personal municipal.<\/p>\n\n\n\n<p>El alcalde Tom\u00e1s G\u00e1rate confirm\u00f3 problemas de sellado en algunas estructuras y anunci\u00f3 que se activar\u00e1n las garant\u00edas de construcci\u00f3n. Adem\u00e1s, se solicit\u00f3 al proveedor una pronta respuesta. Frente a quejas por falta de comunicaci\u00f3n, afirm\u00f3 que \u201cel municipio ha estado en contacto constante con las familias\u201d.<\/p>\n\n\n\n<p>En paralelo, se inform\u00f3 que se condonar\u00e1n las cuentas de servicios b\u00e1sicos de mayo a 109 hogares afectados.<\/p>\n","protected":false},"excerpt":{"rendered":"<p>Filtraciones de agua, desperfectos estructurales y el desborde de un arroyo marcaron un nuevo episodio de emergencia en la denominada zona cero del tornado en Puerto Varas. Las lluvias del..<\/p>\n","protected":false},"author":2,"featured_media":11424,"comment_status":"closed","ping_status":"open","sticky":false,"template":"","format":"standard","meta":{"footnotes":""},"categories":[1,28,54],"tags":[],"class_list":["post-11423","post","type-post","status-publish","format-standard","has-post-thumbnail","hentry","category-acontecer","category-actual","category-lago-llanquihue"],"rttpg_featured_image_url":{"full":["https:\/\/elconquistadorredloslagos.cl\/test\/wp-content\/uploads\/2025\/06\/Diseno-sin-titulo-1-2.jpg",1920,1080,false],"landscape":["https:\/\/elconquistadorredloslagos.cl\/test\/wp-content\/uploads\/2025\/06\/Diseno-sin-titulo-1-2.jpg",1920,1080,false],"portraits":["https:\/\/elconquistadorredloslagos.cl\/test\/wp-content\/uploads\/2025\/06\/Diseno-sin-titulo-1-2.jpg",1920,1080,false],"thumbnail":["https:\/\/elconquistadorredloslagos.cl\/test\/wp-content\/uploads\/2025\/06\/Diseno-sin-titulo-1-2-150x150.jpg",150,150,true],"medium":["https:\/\/elconquistadorredloslagos.cl\/test\/wp-content\/uploads\/2025\/06\/Diseno-sin-titulo-1-2-300x169.jpg",300,169,true],"large":["https:\/\/elconquistadorredloslagos.cl\/test\/wp-content\/uploads\/2025\/06\/Diseno-sin-titulo-1-2-1024x576.jpg",1024,576,true],"1536x1536":["https:\/\/elconquistadorredloslagos.cl\/test\/wp-content\/uploads\/2025\/06\/Diseno-sin-titulo-1-2-1536x864.jpg",1536,864,true],"2048x2048":["https:\/\/elconquistadorredloslagos.cl\/test\/wp-content\/uploads\/2025\/06\/Diseno-sin-titulo-1-2.jpg",1920,1080,false]},"rttpg_author":{"display_name":"ccardenas","author_link":"https:\/\/elconquistadorredloslagos.cl\/test\/blog\/author\/ccardenas\/"},"rttpg_comment":0,"rttpg_category":"<a href=\"https:\/\/elconquistadorredloslagos.cl\/test\/blog\/category\/actual\/acontecer\/\" rel=\"category tag\">Acontecer<\/a> <a href=\"https:\/\/elconquistadorredloslagos.cl\/test\/blog\/category\/actual\/\" rel=\"category tag\">Actualidad<\/a> <a href=\"https:\/\/elconquistadorredloslagos.cl\/test\/blog\/category\/chile\/lago-llanquihue\/\" rel=\"category tag\">Lago LLanquihue<\/a>","rttpg_excerpt":"Filtraciones de agua, desperfectos estructurales y el desborde de un arroyo marcaron un nuevo episodio de emergencia en la denominada zona cero del tornado en Puerto Varas. Las lluvias del..","_links":{"self":[{"href":"https:\/\/elconquistadorredloslagos.cl\/test\/wp-json\/wp\/v2\/posts\/11423","targetHints":{"allow":["GET"]}}],"collection":[{"href":"https:\/\/elconquistadorredloslagos.cl\/test\/wp-json\/wp\/v2\/posts"}],"about":[{"href":"https:\/\/elconquistadorredloslagos.cl\/test\/wp-json\/wp\/v2\/types\/post"}],"author":[{"embeddable":true,"href":"https:\/\/elconquistadorredloslagos.cl\/test\/wp-json\/wp\/v2\/users\/2"}],"replies":[{"embeddable":true,"href":"https:\/\/elconquistadorredloslagos.cl\/test\/wp-json\/wp\/v2\/comments?post=11423"}],"version-history":[{"count":1,"href":"https:\/\/elconquistadorredloslagos.cl\/test\/wp-json\/wp\/v2\/posts\/11423\/revisions"}],"predecessor-version":[{"id":11425,"href":"https:\/\/elconquistadorredloslagos.cl\/test\/wp-json\/wp\/v2\/posts\/11423\/revisions\/11425"}],"wp:featuredmedia":[{"embeddable":true,"href":"https:\/\/elconquistadorredloslagos.cl\/test\/wp-json\/wp\/v2\/media\/11424"}],"wp:attachment":[{"href":"https:\/\/elconquistadorredloslagos.cl\/test\/wp-json\/wp\/v2\/media?parent=11423"}],"wp:term":[{"taxonomy":"category","embeddable":true,"href":"https:\/\/elconquistadorredloslagos.cl\/test\/wp-json\/wp\/v2\/categories?post=11423"},{"taxonomy":"post_tag","embeddable":true,"href":"https:\/\/elconquistadorredloslagos.cl\/test\/wp-json\/wp\/v2\/tags?post=11423"}],"curies":[{"name":"wp","href":"https:\/\/api.w.org\/{rel}","templated":true}]}}