{"id":11420,"date":"2025-06-17T09:47:07","date_gmt":"2025-06-17T13:47:07","guid":{"rendered":"https:\/\/elconquistadorredloslagos.cl\/test\/?p=11420"},"modified":"2025-06-17T16:33:24","modified_gmt":"2025-06-17T20:33:24","slug":"directora-del-daem-denuncia-presiones-y-falta-de-apoyo-en-medio-de-investigacion-por-corrupcion","status":"publish","type":"post","link":"https:\/\/elconquistadorredloslagos.cl\/test\/blog\/2025\/06\/17\/directora-del-daem-denuncia-presiones-y-falta-de-apoyo-en-medio-de-investigacion-por-corrupcion\/","title":{"rendered":"Directora del DAEM denuncia presiones y falta de apoyo en medio de investigaci\u00f3n por corrupci\u00f3n"},"content":{"rendered":"\n<p>Mientras se mantiene con licencia, y luego de un a\u00f1o desde que fue suspendida de sus funciones, la directora del Departamento de Administraci\u00f3n de Educaci\u00f3n Municipal (DAEM) de Puerto Montt, Mar\u00eda Luisa Rivera, se encuentra a la espera de la resoluci\u00f3n de un sumario en su contra. La profesional asegura haber sido perseguida por intentar ordenar un sistema marcado por el desorden y la falta de control.<\/p>\n\n\n\n<p>La personera quien asumi\u00f3 el cargo por un a\u00f1o y tres meses, relat\u00f3 a Radio B\u00edo B\u00edo que al llegar al departamento detect\u00f3 m\u00faltiples irregularidades, como un organigrama obsoleto desde 2003 y archivos de funcionarios almacenados en una bodega desde 2016. \u201cNunca pude ingresar a las oficinas del SEP, ni sab\u00eda de ciertas bodegas hasta que lleg\u00f3 el OS7 a allanar\u201d, afirm\u00f3.<\/p>\n\n\n\n<p>Asegura haber solicitado sumarios contra funcionarios clave, como el exjefe de Finanzas y la coordinadora SEP, pero Jur\u00eddica del DAEM nunca los abri\u00f3. Ambos est\u00e1n hoy imputados, al igual que el exalcalde Gervoy Paredes.<\/p>\n\n\n\n<p>Tambi\u00e9n denunci\u00f3 asesor\u00edas externas en horario laboral, rendiciones atrasadas desde 2014 y una posible malversaci\u00f3n de fondos. \u201cNos dejaron amenazas en los parabrisas\u201d, denunci\u00f3 sobre las presiones vividas.<\/p>\n\n\n\n<p>El actual alcalde de la capital regional, Rodrigo Wainraihgt, atribuy\u00f3 el retraso del sumario a la sobrecarga heredada.<\/p>\n","protected":false},"excerpt":{"rendered":"<p>Mientras se mantiene con licencia, y luego de un a\u00f1o desde que fue suspendida de sus funciones, la directora del Departamento de Administraci\u00f3n de Educaci\u00f3n Municipal (DAEM) de Puerto Montt,..<\/p>\n","protected":false},"author":2,"featured_media":11421,"comment_status":"closed","ping_status":"open","sticky":false,"template":"","format":"standard","meta":{"footnotes":""},"categories":[1,28,39,38,56],"tags":[],"class_list":["post-11420","post","type-post","status-publish","format-standard","has-post-thumbnail","hentry","category-acontecer","category-actual","category-educacion","category-politica","category-puerto-montt"],"rttpg_featured_image_url":{"full":["https:\/\/elconquistadorredloslagos.cl\/test\/wp-content\/uploads\/2025\/06\/Diseno-sin-titulo-1-1.jpg",1920,1080,false],"landscape":["https:\/\/elconquistadorredloslagos.cl\/test\/wp-content\/uploads\/2025\/06\/Diseno-sin-titulo-1-1.jpg",1920,1080,false],"portraits":["https:\/\/elconquistadorredloslagos.cl\/test\/wp-content\/uploads\/2025\/06\/Diseno-sin-titulo-1-1.jpg",1920,1080,false],"thumbnail":["https:\/\/elconquistadorredloslagos.cl\/test\/wp-content\/uploads\/2025\/06\/Diseno-sin-titulo-1-1-150x150.jpg",150,150,true],"medium":["https:\/\/elconquistadorredloslagos.cl\/test\/wp-content\/uploads\/2025\/06\/Diseno-sin-titulo-1-1-300x169.jpg",300,169,true],"large":["https:\/\/elconquistadorredloslagos.cl\/test\/wp-content\/uploads\/2025\/06\/Diseno-sin-titulo-1-1-1024x576.jpg",1024,576,true],"1536x1536":["https:\/\/elconquistadorredloslagos.cl\/test\/wp-content\/uploads\/2025\/06\/Diseno-sin-titulo-1-1-1536x864.jpg",1536,864,true],"2048x2048":["https:\/\/elconquistadorredloslagos.cl\/test\/wp-content\/uploads\/2025\/06\/Diseno-sin-titulo-1-1.jpg",1920,1080,false]},"rttpg_author":{"display_name":"ccardenas","author_link":"https:\/\/elconquistadorredloslagos.cl\/test\/blog\/author\/ccardenas\/"},"rttpg_comment":0,"rttpg_category":"<a href=\"https:\/\/elconquistadorredloslagos.cl\/test\/blog\/category\/actual\/acontecer\/\" rel=\"category tag\">Acontecer<\/a> <a href=\"https:\/\/elconquistadorredloslagos.cl\/test\/blog\/category\/actual\/\" rel=\"category tag\">Actualidad<\/a> <a href=\"https:\/\/elconquistadorredloslagos.cl\/test\/blog\/category\/actual\/educacion\/\" rel=\"category tag\">Educaci\u00f3n<\/a> <a href=\"https:\/\/elconquistadorredloslagos.cl\/test\/blog\/category\/actual\/politica\/\" rel=\"category tag\">Politica<\/a> <a href=\"https:\/\/elconquistadorredloslagos.cl\/test\/blog\/category\/chile\/puerto-montt\/\" rel=\"category tag\">Puerto Montt<\/a>","rttpg_excerpt":"Mientras se mantiene con licencia, y luego de un a\u00f1o desde que fue suspendida de sus funciones, la directora del Departamento de Administraci\u00f3n de Educaci\u00f3n Municipal (DAEM) de Puerto Montt,..","_links":{"self":[{"href":"https:\/\/elconquistadorredloslagos.cl\/test\/wp-json\/wp\/v2\/posts\/11420","targetHints":{"allow":["GET"]}}],"collection":[{"href":"https:\/\/elconquistadorredloslagos.cl\/test\/wp-json\/wp\/v2\/posts"}],"about":[{"href":"https:\/\/elconquistadorredloslagos.cl\/test\/wp-json\/wp\/v2\/types\/post"}],"author":[{"embeddable":true,"href":"https:\/\/elconquistadorredloslagos.cl\/test\/wp-json\/wp\/v2\/users\/2"}],"replies":[{"embeddable":true,"href":"https:\/\/elconquistadorredloslagos.cl\/test\/wp-json\/wp\/v2\/comments?post=11420"}],"version-history":[{"count":2,"href":"https:\/\/elconquistadorredloslagos.cl\/test\/wp-json\/wp\/v2\/posts\/11420\/revisions"}],"predecessor-version":[{"id":11454,"href":"https:\/\/elconquistadorredloslagos.cl\/test\/wp-json\/wp\/v2\/posts\/11420\/revisions\/11454"}],"wp:featuredmedia":[{"embeddable":true,"href":"https:\/\/elconquistadorredloslagos.cl\/test\/wp-json\/wp\/v2\/media\/11421"}],"wp:attachment":[{"href":"https:\/\/elconquistadorredloslagos.cl\/test\/wp-json\/wp\/v2\/media?parent=11420"}],"wp:term":[{"taxonomy":"category","embeddable":true,"href":"https:\/\/elconquistadorredloslagos.cl\/test\/wp-json\/wp\/v2\/categories?post=11420"},{"taxonomy":"post_tag","embeddable":true,"href":"https:\/\/elconquistadorredloslagos.cl\/test\/wp-json\/wp\/v2\/tags?post=11420"}],"curies":[{"name":"wp","href":"https:\/\/api.w.org\/{rel}","templated":true}]}}