{"id":11410,"date":"2025-06-16T19:04:37","date_gmt":"2025-06-16T23:04:37","guid":{"rendered":"https:\/\/elconquistadorredloslagos.cl\/test\/?p=11410"},"modified":"2025-06-16T19:04:38","modified_gmt":"2025-06-16T23:04:38","slug":"lluvias-dejan-aisladas-a-trece-personas-en-sector-rural-de-san-juan-de-la-costa","status":"publish","type":"post","link":"https:\/\/elconquistadorredloslagos.cl\/test\/blog\/2025\/06\/16\/lluvias-dejan-aisladas-a-trece-personas-en-sector-rural-de-san-juan-de-la-costa\/","title":{"rendered":"Lluvias dejan aisladas a trece personas en sector rural de San Juan de la Costa"},"content":{"rendered":"\n<p>Las intensas precipitaciones registradas en la provincia de Osorno provocaron serias complicaciones en la comunidad de Trafunco Los Vados, ubicada en la comuna de San Juan de la Costa, donde al menos trece personas quedaron aisladas tras el colapso de un puente peatonal.<\/p>\n\n\n\n<p>El alcalde Jos\u00e9 Luis Mu\u00f1oz inform\u00f3 que la emergencia fue abordada en una reuni\u00f3n con los equipos municipales y de emergencia, estableciendo como prioridad el despeje de la ruta U-338 por parte de Vialidad. Esta v\u00eda permite acceder al sector donde se ubica el puente colgante que cruza el r\u00edo Quihue, estructura que fue severamente da\u00f1ada por la fuerza del caudal.<\/p>\n\n\n\n<p>Debido a la imposibilidad de tr\u00e1nsito terrestre, la Unidad de B\u00fasqueda y Rescate de Osorno (UBRO) ser\u00e1 la encargada de realizar los traslados fluviales con botes zodiac. El objetivo es entregar provisiones a los afectados y brindar atenci\u00f3n primaria de salud en caso de ser necesario.<\/p>\n\n\n\n<p>Sobre el estado del puente, el jefe comunal adelant\u00f3 que personal de la Direcci\u00f3n de Obras Municipales evaluar\u00e1 si es factible su reparaci\u00f3n. Mientras tanto, los accesos al sector continuar\u00e1n siendo por v\u00eda fluvial, a la espera de una soluci\u00f3n definitiva.<\/p>\n\n\n\n<p>\ud83d\udcf7 <a href=\"https:\/\/www.facebook.com\/profile.php?id=61571048799718&amp;__cft__[0]=AZVcNYE139NE6MtTOWXmZaAY6ii9a5LaRP4rzikjd9ya-aclbRBCW1MUuh0t73WBFGuCd0rNHiLjL6Uq6rL-XBUfaJFDvdA6L0B_Vh0-O1PPrgkN6ZB99WlGcsRBkNIPVTxU581QZxWJgk5ihIktwVEqTO7mu2Tla0UOUzDj9FmnzPiIWSq-OsnWvT9itckfhPMCER99uYZuoD5npUOBivFQ&amp;__tn__=-UC*F\">Municipalidad de San Juan de la Costa<\/a> &#8211; Facebook<\/p>\n","protected":false},"excerpt":{"rendered":"<p>Las intensas precipitaciones registradas en la provincia de Osorno provocaron serias complicaciones en la comunidad de Trafunco Los Vados, ubicada en la comuna de San Juan de la Costa, donde..<\/p>\n","protected":false},"author":2,"featured_media":11411,"comment_status":"closed","ping_status":"open","sticky":false,"template":"","format":"standard","meta":{"footnotes":""},"categories":[1,28,55],"tags":[],"class_list":["post-11410","post","type-post","status-publish","format-standard","has-post-thumbnail","hentry","category-acontecer","category-actual","category-osorno"],"rttpg_featured_image_url":{"full":["https:\/\/elconquistadorredloslagos.cl\/test\/wp-content\/uploads\/2025\/06\/img_-6.jpg",1920,1080,false],"landscape":["https:\/\/elconquistadorredloslagos.cl\/test\/wp-content\/uploads\/2025\/06\/img_-6.jpg",1920,1080,false],"portraits":["https:\/\/elconquistadorredloslagos.cl\/test\/wp-content\/uploads\/2025\/06\/img_-6.jpg",1920,1080,false],"thumbnail":["https:\/\/elconquistadorredloslagos.cl\/test\/wp-content\/uploads\/2025\/06\/img_-6-150x150.jpg",150,150,true],"medium":["https:\/\/elconquistadorredloslagos.cl\/test\/wp-content\/uploads\/2025\/06\/img_-6-300x169.jpg",300,169,true],"large":["https:\/\/elconquistadorredloslagos.cl\/test\/wp-content\/uploads\/2025\/06\/img_-6-1024x576.jpg",1024,576,true],"1536x1536":["https:\/\/elconquistadorredloslagos.cl\/test\/wp-content\/uploads\/2025\/06\/img_-6-1536x864.jpg",1536,864,true],"2048x2048":["https:\/\/elconquistadorredloslagos.cl\/test\/wp-content\/uploads\/2025\/06\/img_-6.jpg",1920,1080,false]},"rttpg_author":{"display_name":"ccardenas","author_link":"https:\/\/elconquistadorredloslagos.cl\/test\/blog\/author\/ccardenas\/"},"rttpg_comment":0,"rttpg_category":"<a href=\"https:\/\/elconquistadorredloslagos.cl\/test\/blog\/category\/actual\/acontecer\/\" rel=\"category tag\">Acontecer<\/a> <a href=\"https:\/\/elconquistadorredloslagos.cl\/test\/blog\/category\/actual\/\" rel=\"category tag\">Actualidad<\/a> <a href=\"https:\/\/elconquistadorredloslagos.cl\/test\/blog\/category\/chile\/osorno\/\" rel=\"category tag\">Osorno<\/a>","rttpg_excerpt":"Las intensas precipitaciones registradas en la provincia de Osorno provocaron serias complicaciones en la comunidad de Trafunco Los Vados, ubicada en la comuna de San Juan de la Costa, donde..","_links":{"self":[{"href":"https:\/\/elconquistadorredloslagos.cl\/test\/wp-json\/wp\/v2\/posts\/11410","targetHints":{"allow":["GET"]}}],"collection":[{"href":"https:\/\/elconquistadorredloslagos.cl\/test\/wp-json\/wp\/v2\/posts"}],"about":[{"href":"https:\/\/elconquistadorredloslagos.cl\/test\/wp-json\/wp\/v2\/types\/post"}],"author":[{"embeddable":true,"href":"https:\/\/elconquistadorredloslagos.cl\/test\/wp-json\/wp\/v2\/users\/2"}],"replies":[{"embeddable":true,"href":"https:\/\/elconquistadorredloslagos.cl\/test\/wp-json\/wp\/v2\/comments?post=11410"}],"version-history":[{"count":1,"href":"https:\/\/elconquistadorredloslagos.cl\/test\/wp-json\/wp\/v2\/posts\/11410\/revisions"}],"predecessor-version":[{"id":11412,"href":"https:\/\/elconquistadorredloslagos.cl\/test\/wp-json\/wp\/v2\/posts\/11410\/revisions\/11412"}],"wp:featuredmedia":[{"embeddable":true,"href":"https:\/\/elconquistadorredloslagos.cl\/test\/wp-json\/wp\/v2\/media\/11411"}],"wp:attachment":[{"href":"https:\/\/elconquistadorredloslagos.cl\/test\/wp-json\/wp\/v2\/media?parent=11410"}],"wp:term":[{"taxonomy":"category","embeddable":true,"href":"https:\/\/elconquistadorredloslagos.cl\/test\/wp-json\/wp\/v2\/categories?post=11410"},{"taxonomy":"post_tag","embeddable":true,"href":"https:\/\/elconquistadorredloslagos.cl\/test\/wp-json\/wp\/v2\/tags?post=11410"}],"curies":[{"name":"wp","href":"https:\/\/api.w.org\/{rel}","templated":true}]}}