{"id":11407,"date":"2025-06-16T18:58:10","date_gmt":"2025-06-16T22:58:10","guid":{"rendered":"https:\/\/elconquistadorredloslagos.cl\/test\/?p=11407"},"modified":"2025-06-16T18:58:11","modified_gmt":"2025-06-16T22:58:11","slug":"identifican-a-hombre-acribillado-en-zona-rural-de-osorno","status":"publish","type":"post","link":"https:\/\/elconquistadorredloslagos.cl\/test\/blog\/2025\/06\/16\/identifican-a-hombre-acribillado-en-zona-rural-de-osorno\/","title":{"rendered":"Identifican a hombre acribillado en zona rural de Osorno"},"content":{"rendered":"\n<p>Tras las indagatorias correspondientes, el Servicio M\u00e9dico Legal (SML) de Osorno y el Registro Civil lograron confirmar la identidad del hombre hallado sin vida en un sector rural de Osorno. Se trata de Abel Orlando Aravena Avenda\u00f1o, de 42 a\u00f1os, encontrado con nueve impactos de bala en cabeza y abdomen a un costado de un camino cercano a la ruta U-220, camino a La Misi\u00f3n.<\/p>\n\n\n\n<p>Carabineros descubri\u00f3 el cuerpo durante un patrullaje preventivo. Aravena, carpintero y padre de tres hijas viv\u00eda en Villa Nacional, sector Rahue Alto Norte. Su pareja Paola, relat\u00f3 que esta persona abandon\u00f3 el hogar en marzo y reapareci\u00f3 brevemente en mayo, sin dar explicaciones. Luego de ello desapareci\u00f3 definitivamente.<\/p>\n\n\n\n<p>Paola reconoci\u00f3 que Abel enfrentaba problemas de adicci\u00f3n y no descart\u00f3 que el homicidio est\u00e9 vinculado a un ajuste de cuentas. Amigos y vecinos expresan temor y exigen justicia por un crimen marcado por la violencia.<\/p>\n\n\n\n<p>La Fiscal\u00eda y la Brigada de Homicidios (BH) investigan el caso, que ha causado conmoci\u00f3n en la comunidad. Se indic\u00f3 que d\u00edas antes, Aravena fue controlado por la PDI en el centro de Osorno, llevando la misma ropa con la que fue encontrado.<\/p>\n\n\n\n<p>La delegada presidencial provincial, Claudia Pailalef, hizo un llamado a la ciudadan\u00eda para colaborar con las autoridades denunciando conductas sospechosas, reforzando la seguridad en la zona.<\/p>\n","protected":false},"excerpt":{"rendered":"<p>Tras las indagatorias correspondientes, el Servicio M\u00e9dico Legal (SML) de Osorno y el Registro Civil lograron confirmar la identidad del hombre hallado sin vida en un sector rural de Osorno&#8230;<\/p>\n","protected":false},"author":2,"featured_media":11408,"comment_status":"closed","ping_status":"open","sticky":false,"template":"","format":"standard","meta":{"footnotes":""},"categories":[1,28,55],"tags":[],"class_list":["post-11407","post","type-post","status-publish","format-standard","has-post-thumbnail","hentry","category-acontecer","category-actual","category-osorno"],"rttpg_featured_image_url":{"full":["https:\/\/elconquistadorredloslagos.cl\/test\/wp-content\/uploads\/2025\/06\/img_-5.jpg",1920,1080,false],"landscape":["https:\/\/elconquistadorredloslagos.cl\/test\/wp-content\/uploads\/2025\/06\/img_-5.jpg",1920,1080,false],"portraits":["https:\/\/elconquistadorredloslagos.cl\/test\/wp-content\/uploads\/2025\/06\/img_-5.jpg",1920,1080,false],"thumbnail":["https:\/\/elconquistadorredloslagos.cl\/test\/wp-content\/uploads\/2025\/06\/img_-5-150x150.jpg",150,150,true],"medium":["https:\/\/elconquistadorredloslagos.cl\/test\/wp-content\/uploads\/2025\/06\/img_-5-300x169.jpg",300,169,true],"large":["https:\/\/elconquistadorredloslagos.cl\/test\/wp-content\/uploads\/2025\/06\/img_-5-1024x576.jpg",1024,576,true],"1536x1536":["https:\/\/elconquistadorredloslagos.cl\/test\/wp-content\/uploads\/2025\/06\/img_-5-1536x864.jpg",1536,864,true],"2048x2048":["https:\/\/elconquistadorredloslagos.cl\/test\/wp-content\/uploads\/2025\/06\/img_-5.jpg",1920,1080,false]},"rttpg_author":{"display_name":"ccardenas","author_link":"https:\/\/elconquistadorredloslagos.cl\/test\/blog\/author\/ccardenas\/"},"rttpg_comment":0,"rttpg_category":"<a href=\"https:\/\/elconquistadorredloslagos.cl\/test\/blog\/category\/actual\/acontecer\/\" rel=\"category tag\">Acontecer<\/a> <a href=\"https:\/\/elconquistadorredloslagos.cl\/test\/blog\/category\/actual\/\" rel=\"category tag\">Actualidad<\/a> <a href=\"https:\/\/elconquistadorredloslagos.cl\/test\/blog\/category\/chile\/osorno\/\" rel=\"category tag\">Osorno<\/a>","rttpg_excerpt":"Tras las indagatorias correspondientes, el Servicio M\u00e9dico Legal (SML) de Osorno y el Registro Civil lograron confirmar la identidad del hombre hallado sin vida en un sector rural de Osorno...","_links":{"self":[{"href":"https:\/\/elconquistadorredloslagos.cl\/test\/wp-json\/wp\/v2\/posts\/11407","targetHints":{"allow":["GET"]}}],"collection":[{"href":"https:\/\/elconquistadorredloslagos.cl\/test\/wp-json\/wp\/v2\/posts"}],"about":[{"href":"https:\/\/elconquistadorredloslagos.cl\/test\/wp-json\/wp\/v2\/types\/post"}],"author":[{"embeddable":true,"href":"https:\/\/elconquistadorredloslagos.cl\/test\/wp-json\/wp\/v2\/users\/2"}],"replies":[{"embeddable":true,"href":"https:\/\/elconquistadorredloslagos.cl\/test\/wp-json\/wp\/v2\/comments?post=11407"}],"version-history":[{"count":1,"href":"https:\/\/elconquistadorredloslagos.cl\/test\/wp-json\/wp\/v2\/posts\/11407\/revisions"}],"predecessor-version":[{"id":11409,"href":"https:\/\/elconquistadorredloslagos.cl\/test\/wp-json\/wp\/v2\/posts\/11407\/revisions\/11409"}],"wp:featuredmedia":[{"embeddable":true,"href":"https:\/\/elconquistadorredloslagos.cl\/test\/wp-json\/wp\/v2\/media\/11408"}],"wp:attachment":[{"href":"https:\/\/elconquistadorredloslagos.cl\/test\/wp-json\/wp\/v2\/media?parent=11407"}],"wp:term":[{"taxonomy":"category","embeddable":true,"href":"https:\/\/elconquistadorredloslagos.cl\/test\/wp-json\/wp\/v2\/categories?post=11407"},{"taxonomy":"post_tag","embeddable":true,"href":"https:\/\/elconquistadorredloslagos.cl\/test\/wp-json\/wp\/v2\/tags?post=11407"}],"curies":[{"name":"wp","href":"https:\/\/api.w.org\/{rel}","templated":true}]}}