{"id":11400,"date":"2025-06-16T18:11:02","date_gmt":"2025-06-16T22:11:02","guid":{"rendered":"https:\/\/elconquistadorredloslagos.cl\/test\/?p=11400"},"modified":"2025-06-16T19:09:09","modified_gmt":"2025-06-16T23:09:09","slug":"quellon-investigan-hallazgo-de-cadaver-al-interior-de-una-casa","status":"publish","type":"post","link":"https:\/\/elconquistadorredloslagos.cl\/test\/blog\/2025\/06\/16\/quellon-investigan-hallazgo-de-cadaver-al-interior-de-una-casa\/","title":{"rendered":"Quell\u00f3n: investigan hallazgo de cad\u00e1ver al interior de una casa"},"content":{"rendered":"\n<p>En jornada dominical, el hallazgo del cuerpo sin vida de una mujer de 56 a\u00f1os moviliz\u00f3 a Carabineros y a la Polic\u00eda de Investigaciones en la comuna de Quell\u00f3n. El hecho ocurri\u00f3 en un inmueble ubicado en avenida La Paz, tras una denuncia recibida a las 15.20 horas del domingo a trav\u00e9s del nivel 133.<\/p>\n\n\n\n<p>Seg\u00fan lo informado por el Fiscal (s) Felipe Rodr\u00edguez, personal especializado de la Brigada de Homicidios (BH) de la PDI se encuentra desarrollando las indagatorias para esclarecer los hechos, sumando los antecedentes que tambi\u00e9n ser\u00e1n aportados por el Servicio M\u00e9dico Legal (SML) tras la respectiva autopsia.<\/p>\n\n\n\n<figure class=\"wp-block-audio\"><audio controls src=\"https:\/\/elconquistadorredloslagos.cl\/test\/wp-content\/uploads\/2025\/06\/CUNA-FISCAL-RODRIGUEZ.mp3\"><\/audio><\/figure>\n\n\n\n<p>La v\u00edctima, de nacionalidad chilena, no presentaba signos vitales al momento de la llegada de los equipos policiales. No ten\u00eda antecedentes penales ni encargos por presunta desgracia, y no contaba con familiares en la comuna.<\/p>\n\n\n\n<p>\ud83d\udcf7 Referencial<\/p>\n","protected":false},"excerpt":{"rendered":"<p>En jornada dominical, el hallazgo del cuerpo sin vida de una mujer de 56 a\u00f1os moviliz\u00f3 a Carabineros y a la Polic\u00eda de Investigaciones en la comuna de Quell\u00f3n. El..<\/p>\n","protected":false},"author":2,"featured_media":11402,"comment_status":"closed","ping_status":"open","sticky":false,"template":"","format":"standard","meta":{"footnotes":""},"categories":[1,28,51],"tags":[],"class_list":["post-11400","post","type-post","status-publish","format-standard","has-post-thumbnail","hentry","category-acontecer","category-actual","category-chiloe"],"rttpg_featured_image_url":{"full":["https:\/\/elconquistadorredloslagos.cl\/test\/wp-content\/uploads\/2025\/06\/img_-3.jpg",1920,1080,false],"landscape":["https:\/\/elconquistadorredloslagos.cl\/test\/wp-content\/uploads\/2025\/06\/img_-3.jpg",1920,1080,false],"portraits":["https:\/\/elconquistadorredloslagos.cl\/test\/wp-content\/uploads\/2025\/06\/img_-3.jpg",1920,1080,false],"thumbnail":["https:\/\/elconquistadorredloslagos.cl\/test\/wp-content\/uploads\/2025\/06\/img_-3-150x150.jpg",150,150,true],"medium":["https:\/\/elconquistadorredloslagos.cl\/test\/wp-content\/uploads\/2025\/06\/img_-3-300x169.jpg",300,169,true],"large":["https:\/\/elconquistadorredloslagos.cl\/test\/wp-content\/uploads\/2025\/06\/img_-3-1024x576.jpg",1024,576,true],"1536x1536":["https:\/\/elconquistadorredloslagos.cl\/test\/wp-content\/uploads\/2025\/06\/img_-3-1536x864.jpg",1536,864,true],"2048x2048":["https:\/\/elconquistadorredloslagos.cl\/test\/wp-content\/uploads\/2025\/06\/img_-3.jpg",1920,1080,false]},"rttpg_author":{"display_name":"ccardenas","author_link":"https:\/\/elconquistadorredloslagos.cl\/test\/blog\/author\/ccardenas\/"},"rttpg_comment":0,"rttpg_category":"<a href=\"https:\/\/elconquistadorredloslagos.cl\/test\/blog\/category\/actual\/acontecer\/\" rel=\"category tag\">Acontecer<\/a> <a href=\"https:\/\/elconquistadorredloslagos.cl\/test\/blog\/category\/actual\/\" rel=\"category tag\">Actualidad<\/a> <a href=\"https:\/\/elconquistadorredloslagos.cl\/test\/blog\/category\/chile\/chiloe\/\" rel=\"category tag\">Chilo\u00e9<\/a>","rttpg_excerpt":"En jornada dominical, el hallazgo del cuerpo sin vida de una mujer de 56 a\u00f1os moviliz\u00f3 a Carabineros y a la Polic\u00eda de Investigaciones en la comuna de Quell\u00f3n. El..","_links":{"self":[{"href":"https:\/\/elconquistadorredloslagos.cl\/test\/wp-json\/wp\/v2\/posts\/11400","targetHints":{"allow":["GET"]}}],"collection":[{"href":"https:\/\/elconquistadorredloslagos.cl\/test\/wp-json\/wp\/v2\/posts"}],"about":[{"href":"https:\/\/elconquistadorredloslagos.cl\/test\/wp-json\/wp\/v2\/types\/post"}],"author":[{"embeddable":true,"href":"https:\/\/elconquistadorredloslagos.cl\/test\/wp-json\/wp\/v2\/users\/2"}],"replies":[{"embeddable":true,"href":"https:\/\/elconquistadorredloslagos.cl\/test\/wp-json\/wp\/v2\/comments?post=11400"}],"version-history":[{"count":2,"href":"https:\/\/elconquistadorredloslagos.cl\/test\/wp-json\/wp\/v2\/posts\/11400\/revisions"}],"predecessor-version":[{"id":11419,"href":"https:\/\/elconquistadorredloslagos.cl\/test\/wp-json\/wp\/v2\/posts\/11400\/revisions\/11419"}],"wp:featuredmedia":[{"embeddable":true,"href":"https:\/\/elconquistadorredloslagos.cl\/test\/wp-json\/wp\/v2\/media\/11402"}],"wp:attachment":[{"href":"https:\/\/elconquistadorredloslagos.cl\/test\/wp-json\/wp\/v2\/media?parent=11400"}],"wp:term":[{"taxonomy":"category","embeddable":true,"href":"https:\/\/elconquistadorredloslagos.cl\/test\/wp-json\/wp\/v2\/categories?post=11400"},{"taxonomy":"post_tag","embeddable":true,"href":"https:\/\/elconquistadorredloslagos.cl\/test\/wp-json\/wp\/v2\/tags?post=11400"}],"curies":[{"name":"wp","href":"https:\/\/api.w.org\/{rel}","templated":true}]}}