{"id":11396,"date":"2025-06-16T17:39:45","date_gmt":"2025-06-16T21:39:45","guid":{"rendered":"https:\/\/elconquistadorredloslagos.cl\/test\/?p=11396"},"modified":"2025-06-16T17:39:46","modified_gmt":"2025-06-16T21:39:46","slug":"posta-de-salud-rural-de-detif-en-la-comuna-de-puqueldon-obtiene-recomendacion-tecnica-satisfactoria","status":"publish","type":"post","link":"https:\/\/elconquistadorredloslagos.cl\/test\/blog\/2025\/06\/16\/posta-de-salud-rural-de-detif-en-la-comuna-de-puqueldon-obtiene-recomendacion-tecnica-satisfactoria\/","title":{"rendered":"Posta de salud rural de Detif en la comuna de Puqueld\u00f3n obtiene recomendaci\u00f3n t\u00e9cnica satisfactoria"},"content":{"rendered":"\n<p>Avanzando con las iniciativas de inversi\u00f3n en Chilo\u00e9, la Secretar\u00eda Regional de Desarrollo Social de Los Lagos entreg\u00f3 su Recomendaci\u00f3n Satisfactoria (RS) a los antecedentes presentados por el Servicio de Salud Chilo\u00e9 para la reposici\u00f3n de la Posta de Salud Rural de Detif, en la comuna de Puqueld\u00f3n.<\/p>\n\n\n\n<p>As\u00ed lo dio a conocer la directora del Servicio de Salud Chilo\u00e9, Marcela C\u00e1rcamo, quien destac\u00f3 la positiva noticia que permitir\u00e1 continuar con la construcci\u00f3n de la anhelada obra, que beneficiar\u00e1 a los 400 usuarias y usuarios inscritos.<\/p>\n\n\n\n<figure class=\"wp-block-video\"><video height=\"1080\" style=\"aspect-ratio: 1920 \/ 1080;\" width=\"1920\" controls src=\"https:\/\/elconquistadorredloslagos.cl\/test\/wp-content\/uploads\/2025\/06\/marcelacarcamo.mp4\"><\/video><\/figure>\n\n\n\n<p>La nueva Posta de Salud Rural de Detif contempla una superficie total de 280,6 metros cuadrados, de los cuales 208,5 metros cuadrados ser\u00e1n para atenci\u00f3n cl\u00ednica, 17,1 metros cuadrados en recintos t\u00e9cnicos y 55 metros cuadrados para la vivienda del t\u00e9cnico param\u00e9dico. Su construcci\u00f3n ser\u00e1 de acuerdo con las especificaciones t\u00e9cnicas entregadas por el MINSAL para este tipo de edificaci\u00f3n y contar\u00e1 con box gineco obst\u00e9trico, dental, multiprop\u00f3sito, procedimiento, sala de acogida, de espera, despacho para alimentos, SOME, entre otros espacios.\u00a0 Adem\u00e1s de la reposici\u00f3n de la totalidad de los equipos y equipamiento necesarios para su correcto funcionamiento.<\/p>\n\n\n\n<p>\ud83d\udcf7 Maqueta virtual<\/p>\n","protected":false},"excerpt":{"rendered":"<p>Avanzando con las iniciativas de inversi\u00f3n en Chilo\u00e9, la Secretar\u00eda Regional de Desarrollo Social de Los Lagos entreg\u00f3 su Recomendaci\u00f3n Satisfactoria (RS) a los antecedentes presentados por el Servicio de..<\/p>\n","protected":false},"author":2,"featured_media":11398,"comment_status":"closed","ping_status":"open","sticky":false,"template":"","format":"standard","meta":{"footnotes":""},"categories":[1,28,51],"tags":[],"class_list":["post-11396","post","type-post","status-publish","format-standard","has-post-thumbnail","hentry","category-acontecer","category-actual","category-chiloe"],"rttpg_featured_image_url":{"full":["https:\/\/elconquistadorredloslagos.cl\/test\/wp-content\/uploads\/2025\/06\/img_-2.jpg",1920,1080,false],"landscape":["https:\/\/elconquistadorredloslagos.cl\/test\/wp-content\/uploads\/2025\/06\/img_-2.jpg",1920,1080,false],"portraits":["https:\/\/elconquistadorredloslagos.cl\/test\/wp-content\/uploads\/2025\/06\/img_-2.jpg",1920,1080,false],"thumbnail":["https:\/\/elconquistadorredloslagos.cl\/test\/wp-content\/uploads\/2025\/06\/img_-2-150x150.jpg",150,150,true],"medium":["https:\/\/elconquistadorredloslagos.cl\/test\/wp-content\/uploads\/2025\/06\/img_-2-300x169.jpg",300,169,true],"large":["https:\/\/elconquistadorredloslagos.cl\/test\/wp-content\/uploads\/2025\/06\/img_-2-1024x576.jpg",1024,576,true],"1536x1536":["https:\/\/elconquistadorredloslagos.cl\/test\/wp-content\/uploads\/2025\/06\/img_-2-1536x864.jpg",1536,864,true],"2048x2048":["https:\/\/elconquistadorredloslagos.cl\/test\/wp-content\/uploads\/2025\/06\/img_-2.jpg",1920,1080,false]},"rttpg_author":{"display_name":"ccardenas","author_link":"https:\/\/elconquistadorredloslagos.cl\/test\/blog\/author\/ccardenas\/"},"rttpg_comment":0,"rttpg_category":"<a href=\"https:\/\/elconquistadorredloslagos.cl\/test\/blog\/category\/actual\/acontecer\/\" rel=\"category tag\">Acontecer<\/a> <a href=\"https:\/\/elconquistadorredloslagos.cl\/test\/blog\/category\/actual\/\" rel=\"category tag\">Actualidad<\/a> <a href=\"https:\/\/elconquistadorredloslagos.cl\/test\/blog\/category\/chile\/chiloe\/\" rel=\"category tag\">Chilo\u00e9<\/a>","rttpg_excerpt":"Avanzando con las iniciativas de inversi\u00f3n en Chilo\u00e9, la Secretar\u00eda Regional de Desarrollo Social de Los Lagos entreg\u00f3 su Recomendaci\u00f3n Satisfactoria (RS) a los antecedentes presentados por el Servicio de..","_links":{"self":[{"href":"https:\/\/elconquistadorredloslagos.cl\/test\/wp-json\/wp\/v2\/posts\/11396","targetHints":{"allow":["GET"]}}],"collection":[{"href":"https:\/\/elconquistadorredloslagos.cl\/test\/wp-json\/wp\/v2\/posts"}],"about":[{"href":"https:\/\/elconquistadorredloslagos.cl\/test\/wp-json\/wp\/v2\/types\/post"}],"author":[{"embeddable":true,"href":"https:\/\/elconquistadorredloslagos.cl\/test\/wp-json\/wp\/v2\/users\/2"}],"replies":[{"embeddable":true,"href":"https:\/\/elconquistadorredloslagos.cl\/test\/wp-json\/wp\/v2\/comments?post=11396"}],"version-history":[{"count":1,"href":"https:\/\/elconquistadorredloslagos.cl\/test\/wp-json\/wp\/v2\/posts\/11396\/revisions"}],"predecessor-version":[{"id":11399,"href":"https:\/\/elconquistadorredloslagos.cl\/test\/wp-json\/wp\/v2\/posts\/11396\/revisions\/11399"}],"wp:featuredmedia":[{"embeddable":true,"href":"https:\/\/elconquistadorredloslagos.cl\/test\/wp-json\/wp\/v2\/media\/11398"}],"wp:attachment":[{"href":"https:\/\/elconquistadorredloslagos.cl\/test\/wp-json\/wp\/v2\/media?parent=11396"}],"wp:term":[{"taxonomy":"category","embeddable":true,"href":"https:\/\/elconquistadorredloslagos.cl\/test\/wp-json\/wp\/v2\/categories?post=11396"},{"taxonomy":"post_tag","embeddable":true,"href":"https:\/\/elconquistadorredloslagos.cl\/test\/wp-json\/wp\/v2\/tags?post=11396"}],"curies":[{"name":"wp","href":"https:\/\/api.w.org\/{rel}","templated":true}]}}