{"id":11390,"date":"2025-06-16T17:17:53","date_gmt":"2025-06-16T21:17:53","guid":{"rendered":"https:\/\/elconquistadorredloslagos.cl\/test\/?p=11390"},"modified":"2025-06-16T17:17:54","modified_gmt":"2025-06-16T21:17:54","slug":"frutillar-invita-a-jornada-ambiental-y-ceremonia-de-entrega-de-inversiones-para-la-agricultura-familiar","status":"publish","type":"post","link":"https:\/\/elconquistadorredloslagos.cl\/test\/blog\/2025\/06\/16\/frutillar-invita-a-jornada-ambiental-y-ceremonia-de-entrega-de-inversiones-para-la-agricultura-familiar\/","title":{"rendered":"Frutillar invita a jornada ambiental y ceremonia de entrega de inversiones para la agricultura familiar"},"content":{"rendered":"\n<p>Este jueves 19 de junio, a partir de las 10:00 horas, se desarrollar\u00e1 en la Biblioteca Municipal de Frutillar una jornada dedicada al medioambiente y la agricultura familiar campesina, organizada por los programas PDTI y Prodesal Frutillar.<\/p>\n\n\n\n<p>La actividad contempla dos charlas abiertas a la comunidad, enfocadas en los desaf\u00edos medioambientales actuales y su impacto en los sistemas productivos rurales.<\/p>\n\n\n\n<p>La primera exposici\u00f3n, titulada \u201cCambio clim\u00e1tico: T\u00e9cnicas de adaptaci\u00f3n para la agricultura familiar campesina\u201d, estar\u00e1 a cargo de Erla Silva, ingeniera agr\u00f3noma con experiencia en desarrollo territorial. Posteriormente, Manuel Gonz\u00e1lez, representante de Humedal Chile SpA, abordar\u00e1 el tema \u201cLa contaminaci\u00f3n silenciosa\u201d, centrado en los efectos invisibles pero persistentes que afectan nuestros ecosistemas.<\/p>\n\n\n\n<p>En el marco de esta jornada, tambi\u00e9n se llevar\u00e1 a cabo la ceremonia de entrega de inversiones destinadas a usuarias y usuarios de los programas PDTI y Prodesal, con el objetivo de fortalecer sus capacidades productivas y avanzar hacia una agricultura m\u00e1s sustentable en la comuna de Frutillar.<\/p>\n\n\n\n<p>La actividad es gratuita y est\u00e1 dirigida a toda la comunidad, especialmente a familias campesinas, estudiantes, organizaciones rurales y personas interesadas en el cuidado del entorno natural.<\/p>\n","protected":false},"excerpt":{"rendered":"<p>Este jueves 19 de junio, a partir de las 10:00 horas, se desarrollar\u00e1 en la Biblioteca Municipal de Frutillar una jornada dedicada al medioambiente y la agricultura familiar campesina, organizada..<\/p>\n","protected":false},"author":7,"featured_media":11392,"comment_status":"closed","ping_status":"open","sticky":false,"template":"","format":"standard","meta":{"footnotes":""},"categories":[28,26,54],"tags":[],"class_list":["post-11390","post","type-post","status-publish","format-standard","has-post-thumbnail","hentry","category-actual","category-comunidad","category-lago-llanquihue"],"rttpg_featured_image_url":{"full":["https:\/\/elconquistadorredloslagos.cl\/test\/wp-content\/uploads\/2025\/06\/charla-contaminacion-frutillar.png",1920,1080,false],"landscape":["https:\/\/elconquistadorredloslagos.cl\/test\/wp-content\/uploads\/2025\/06\/charla-contaminacion-frutillar.png",1920,1080,false],"portraits":["https:\/\/elconquistadorredloslagos.cl\/test\/wp-content\/uploads\/2025\/06\/charla-contaminacion-frutillar.png",1920,1080,false],"thumbnail":["https:\/\/elconquistadorredloslagos.cl\/test\/wp-content\/uploads\/2025\/06\/charla-contaminacion-frutillar-150x150.png",150,150,true],"medium":["https:\/\/elconquistadorredloslagos.cl\/test\/wp-content\/uploads\/2025\/06\/charla-contaminacion-frutillar-300x169.png",300,169,true],"large":["https:\/\/elconquistadorredloslagos.cl\/test\/wp-content\/uploads\/2025\/06\/charla-contaminacion-frutillar-1024x576.png",1024,576,true],"1536x1536":["https:\/\/elconquistadorredloslagos.cl\/test\/wp-content\/uploads\/2025\/06\/charla-contaminacion-frutillar-1536x864.png",1536,864,true],"2048x2048":["https:\/\/elconquistadorredloslagos.cl\/test\/wp-content\/uploads\/2025\/06\/charla-contaminacion-frutillar.png",1920,1080,false]},"rttpg_author":{"display_name":"enzodelahoz1988","author_link":"https:\/\/elconquistadorredloslagos.cl\/test\/blog\/author\/enzodelahoz1988\/"},"rttpg_comment":0,"rttpg_category":"<a href=\"https:\/\/elconquistadorredloslagos.cl\/test\/blog\/category\/actual\/\" rel=\"category tag\">Actualidad<\/a> <a href=\"https:\/\/elconquistadorredloslagos.cl\/test\/blog\/category\/comunidad\/\" rel=\"category tag\">Comunidad<\/a> <a href=\"https:\/\/elconquistadorredloslagos.cl\/test\/blog\/category\/chile\/lago-llanquihue\/\" rel=\"category tag\">Lago LLanquihue<\/a>","rttpg_excerpt":"Este jueves 19 de junio, a partir de las 10:00 horas, se desarrollar\u00e1 en la Biblioteca Municipal de Frutillar una jornada dedicada al medioambiente y la agricultura familiar campesina, organizada..","_links":{"self":[{"href":"https:\/\/elconquistadorredloslagos.cl\/test\/wp-json\/wp\/v2\/posts\/11390","targetHints":{"allow":["GET"]}}],"collection":[{"href":"https:\/\/elconquistadorredloslagos.cl\/test\/wp-json\/wp\/v2\/posts"}],"about":[{"href":"https:\/\/elconquistadorredloslagos.cl\/test\/wp-json\/wp\/v2\/types\/post"}],"author":[{"embeddable":true,"href":"https:\/\/elconquistadorredloslagos.cl\/test\/wp-json\/wp\/v2\/users\/7"}],"replies":[{"embeddable":true,"href":"https:\/\/elconquistadorredloslagos.cl\/test\/wp-json\/wp\/v2\/comments?post=11390"}],"version-history":[{"count":1,"href":"https:\/\/elconquistadorredloslagos.cl\/test\/wp-json\/wp\/v2\/posts\/11390\/revisions"}],"predecessor-version":[{"id":11393,"href":"https:\/\/elconquistadorredloslagos.cl\/test\/wp-json\/wp\/v2\/posts\/11390\/revisions\/11393"}],"wp:featuredmedia":[{"embeddable":true,"href":"https:\/\/elconquistadorredloslagos.cl\/test\/wp-json\/wp\/v2\/media\/11392"}],"wp:attachment":[{"href":"https:\/\/elconquistadorredloslagos.cl\/test\/wp-json\/wp\/v2\/media?parent=11390"}],"wp:term":[{"taxonomy":"category","embeddable":true,"href":"https:\/\/elconquistadorredloslagos.cl\/test\/wp-json\/wp\/v2\/categories?post=11390"},{"taxonomy":"post_tag","embeddable":true,"href":"https:\/\/elconquistadorredloslagos.cl\/test\/wp-json\/wp\/v2\/tags?post=11390"}],"curies":[{"name":"wp","href":"https:\/\/api.w.org\/{rel}","templated":true}]}}